{"id":40157,"date":"2022-07-20T08:26:18","date_gmt":"2022-07-20T11:26:18","guid":{"rendered":"https:\/\/maricatotal.com.br\/site\/?p=40157"},"modified":"2022-07-22T18:36:01","modified_gmt":"2022-07-22T21:36:01","slug":"guardas-municipais-de-marica-sao-capacitados-como-agente-de-transito","status":"publish","type":"post","link":"https:\/\/maricatotal.com.br\/site\/2022\/07\/20\/guardas-municipais-de-marica-sao-capacitados-como-agente-de-transito\/","title":{"rendered":"Guardas municipais de Maric\u00e1 s\u00e3o capacitados como agente de tr\u00e2nsito"},"content":{"rendered":"\n<p>Guardas municipais de Maric\u00e1 participaram do Curso de Forma\u00e7\u00e3o de Agentes de Tr\u00e2nsito promovido pela academia de ensino da Guarda Municipal do Rio, entre os dias 30 de maio e 15 de julho. Ao todo, 16 agentes adquiriram conhecimentos sobre introdu\u00e7\u00e3o \u00e0 engenharia de tr\u00e1fego; \u00e9tica profissional; opera\u00e7\u00e3o e fiscaliza\u00e7\u00e3o; abordagem e legisla\u00e7\u00e3o aplicada; entre outras disciplinas em 243 horas\/aula.<\/p>\n\n\n\n<p>A capacita\u00e7\u00e3o \u00e9 uma determina\u00e7\u00e3o do Departamento Nacional de Tr\u00e2nsito (Denatran) e tem como base a Portaria n\u00ba 150 de 29\/01\/2021, instituindo o Curso de Agente de Tr\u00e2nsito para que profissionais executem as atividades de fiscaliza\u00e7\u00e3o, opera\u00e7\u00e3o, policiamento ostensivo de tr\u00e2nsito ou patrulhamento nos \u00f3rg\u00e3os integrantes do Sistema Nacional de Tr\u00e2nsito.<\/p>\n\n\n\n<p>O comandante Jean Carlos Medeiros destaca que a GM Maric\u00e1 pretende qualificar mais profissionais para atuar no tr\u00e2nsito da cidade. \u201cMaric\u00e1 cresceu e o tr\u00e2nsito tem acompanhado esse processo. Os novos agentes precisam se capacitar para atuar na cidade. Na medida em que eles conhecem a lei, eles v\u00e3o aplic\u00e1-la corretamente e isso vai impactar na melhor qualidade do servi\u00e7o e, como consequ\u00eancia, num tr\u00e2nsito mais seguro. O pr\u00f3ximo passo agora \u00e9 aguardar que os agentes sejam autorizados, atrav\u00e9s de uma portaria, para atuar junto ao Detran\u201d, finalizou.<\/p>\n\n\n\n<p>Subsecret\u00e1rio de Ordem P\u00fablica e Gest\u00e3o de Gabinete Institucional, Jo\u00e3o Damasceno ressalta a pol\u00edtica de valoriza\u00e7\u00e3o profissional dos guardas municipais. \u201cCom o compromisso de melhor presta\u00e7\u00e3o de servi\u00e7o \u00e0 sociedade, os novos guardas conclu\u00edram o curso. Com o aumento do efetivo da GM, ampliamos tamb\u00e9m a atua\u00e7\u00e3o das equipes do tr\u00e2nsito nos quatro distritos, raz\u00e3o pela qual vimos a necessidade de capacitar novos guardas para atuarem como agentes de tr\u00e2nsito\u201d, explicou.<\/p>\n\n\n\n<p>Rec\u00e9m formado na Guarda Municipal, Caio Santos, 33 anos, destacou o aprendizado no Curso de Forma\u00e7\u00e3o de Agentes de Tr\u00e2nsito. \u201cTivemos aulas te\u00f3ricas e pr\u00e1ticas. Aprendemos como atuar e quando autuar de maneira correta. \u00c9 necess\u00e1rio orientar tamb\u00e9m e apresentar as solu\u00e7\u00f5es aos motoristas e pedestres. Aprendemos que, al\u00e9m de ser um agente fiscalizador, precisamos estar sempre pr\u00f3ximos a popula\u00e7\u00e3o\u201d, disse.<\/p>\n\n\n\n<p><strong>Curso de Atualiza\u00e7\u00e3o<\/strong><\/p>\n\n\n\n<p>Diante das atribui\u00e7\u00f5es da Guarda Municipal, de orienta\u00e7\u00e3o e fiscaliza\u00e7\u00e3o de tr\u00e2nsito (Lei Federal n\u00b0 13.022), \u00e9 essencial que os servidores sejam capacitados constantemente. A Resolu\u00e7\u00e3o Contran n\u00ba 168, de 14 de dezembro de 2004, determina que os guarda municipais que exercem a atividade de agente da autoridade de tr\u00e2nsito devem realizar curso de atualiza\u00e7\u00e3o a cada tr\u00eas anos. O curso de atualiza\u00e7\u00e3o deve ter uma carga hor\u00e1ria m\u00ednima de 32 horas\/aula.<\/p>\n\n\n\n<p>Em abril, 25 guardas municipais que atuam no tr\u00e2nsito da cidade participaram do curso de atualiza\u00e7\u00e3o, fruto da parceria entre Secretaria de Tr\u00e2nsito e Engenharia Vi\u00e1ria (Sectran) e a Secretaria de Ordem P\u00fablica e Gest\u00e3o de Gabinete Institucional (Seop). As aulas aconteceram entre os dias 4 e 7\/04, no Instituto Federal de Educa\u00e7\u00e3o, Ci\u00eancia e Tecnologia Fluminense (IFF), Campus Avan\u00e7ado Maric\u00e1, em Ubatiba, tendo instrutores do Departamento de Tr\u00e2nsito do Estado do Rio de Janeiro (Detran) como professores e carga hor\u00e1ria de 32 horas semanais, sendo oito por dia.<\/p>\n","protected":false},"excerpt":{"rendered":"<p>Guardas municipais de Maric\u00e1 participaram do Curso de Forma\u00e7\u00e3o de Agentes de Tr\u00e2nsito promovido pela academia de ensino da Guarda<\/p>\n","protected":false},"author":1,"featured_media":40159,"comment_status":"open","ping_status":"open","sticky":false,"template":"","format":"standard","meta":{"colormag_page_container_layout":"default_layout","colormag_page_sidebar_layout":"default_layout","footnotes":""},"categories":[18],"tags":[],"class_list":["post-40157","post","type-post","status-publish","format-standard","has-post-thumbnail","hentry","category-entretenimento"],"amp_enabled":true,"_links":{"self":[{"href":"https:\/\/maricatotal.com.br\/site\/wp-json\/wp\/v2\/posts\/40157","targetHints":{"allow":["GET"]}}],"collection":[{"href":"https:\/\/maricatotal.com.br\/site\/wp-json\/wp\/v2\/posts"}],"about":[{"href":"https:\/\/maricatotal.com.br\/site\/wp-json\/wp\/v2\/types\/post"}],"author":[{"embeddable":true,"href":"https:\/\/maricatotal.com.br\/site\/wp-json\/wp\/v2\/users\/1"}],"replies":[{"embeddable":true,"href":"https:\/\/maricatotal.com.br\/site\/wp-json\/wp\/v2\/comments?post=40157"}],"version-history":[{"count":1,"href":"https:\/\/maricatotal.com.br\/site\/wp-json\/wp\/v2\/posts\/40157\/revisions"}],"predecessor-version":[{"id":40160,"href":"https:\/\/maricatotal.com.br\/site\/wp-json\/wp\/v2\/posts\/40157\/revisions\/40160"}],"wp:featuredmedia":[{"embeddable":true,"href":"https:\/\/maricatotal.com.br\/site\/wp-json\/wp\/v2\/media\/40159"}],"wp:attachment":[{"href":"https:\/\/maricatotal.com.br\/site\/wp-json\/wp\/v2\/media?parent=40157"}],"wp:term":[{"taxonomy":"category","embeddable":true,"href":"https:\/\/maricatotal.com.br\/site\/wp-json\/wp\/v2\/categories?post=40157"},{"taxonomy":"post_tag","embeddable":true,"href":"https:\/\/maricatotal.com.br\/site\/wp-json\/wp\/v2\/tags?post=40157"}],"curies":[{"name":"wp","href":"https:\/\/api.w.org\/{rel}","templated":true}]}}