{"id":40162,"date":"2022-07-20T08:28:14","date_gmt":"2022-07-20T11:28:14","guid":{"rendered":"https:\/\/maricatotal.com.br\/site\/?p=40162"},"modified":"2022-07-22T18:36:21","modified_gmt":"2022-07-22T21:36:21","slug":"marica-marca-presenca-na-28a-feira-internacional-de-cooperativismo-e-da-economia-solidaria","status":"publish","type":"post","link":"https:\/\/maricatotal.com.br\/site\/2022\/07\/20\/marica-marca-presenca-na-28a-feira-internacional-de-cooperativismo-e-da-economia-solidaria\/","title":{"rendered":"Maric\u00e1 marca presen\u00e7a na 28\u00aa Feira Internacional de Cooperativismo e da Economia Solid\u00e1ria"},"content":{"rendered":"\n<p>A Prefeitura de Maric\u00e1, por meio da Secretaria de Economia Solid\u00e1ria, participou da 28\u00aa Feira Internacional de Cooperativismo e da Economia Solid\u00e1ria (Feicoop), de 15 a 17 de julho, em Santa Maria, no Rio Grande do Sul. Evento contou com debates voltados para a economia solid\u00e1ria com representantes do munic\u00edpio, al\u00e9m de reunir expositores artesanais e hortifrutigranjeiros.<\/p>\n\n\n\n<p>A mesa \u201cMaric\u00e1, cidade solid\u00e1ria onde uma nova economia acontece\u201d foi realizada na tarde do s\u00e1bado (16). Entre os convidados estiveram o vice-prefeito, Diego Zeidan; o secret\u00e1rio de Economia Solid\u00e1ria, Adalton Mendon\u00e7a; a presidente do Banco Comunit\u00e1rio Mumbuca, Manuela Mello; o presidente da Companhia de Desenvolvimento de Maric\u00e1 (Codemar), Olavo Noleto; a representante da incubadora Sementes de Neg\u00f3cios Solid\u00e1rios, Rosemary Gomes; e a coordenadora-geral do Pr\u00e9-Encceja Paulo Freire, Carol Souza.<\/p>\n\n\n\n<p>A comitiva foi composta por representantes de cooperativas, movimentos sociais e expositores do munic\u00edpio que apresentaram seus produtos, como alimentos org\u00e2nicos, roupas customizadas, artesanato, entre outros.<\/p>\n\n\n\n<p><strong>Participa\u00e7\u00e3o na feira em edi\u00e7\u00e3o anterior<\/strong><\/p>\n\n\n\n<p>No ano de 2019, a Prefeitura de Maric\u00e1 participou da feira internacional, apresentando o Programa Mumbuca Futuro. A partir do congresso, o munic\u00edpio sediou o 1\u00ba Encontro Internacional de Gestores e Articuladores das Pol\u00edticas P\u00fablicas de Economia Solid\u00e1ria, que teve como convidados representantes da Costa Rica, do Instituto de Pesquisa Econ\u00f4mica Aplicada (Ipea), da prefeitura de San Martin, na Argentina, do Centro Federal de Educa\u00e7\u00e3o Tecnol\u00f3gica (Cefet), entre outros articuladores.<\/p>\n\n\n\n<p><strong>Feira Internacional de Santa Maria<\/strong><\/p>\n\n\n\n<p>Desde 1994, a 28\u00aa Feicoop \u00e9 um espa\u00e7o de articula\u00e7\u00e3o e com\u00e9rcio direto com empreendimentos da Economia Solid\u00e1ria, da agricultura familiar camponesa, das agroind\u00fastrias familiares, de catadores (as), de povos ind\u00edgenas, de migrantes e de trabalhadores (as) do campo e da cidade.<\/p>\n\n\n\n<p>O encontro de saberes e experi\u00eancias entre estes grupos e com o p\u00fablico visitante acontece nos pavilh\u00f5es de exposi\u00e7\u00e3o e tamb\u00e9m em oficinas e semin\u00e1rios paralelos por meio de reflex\u00f5es e debates sobre o momento de crise \u00e9tica, econ\u00f4mica, pol\u00edtica e social por que passa o Brasil.<\/p>\n\n\n\n<p>A Feicoop \u00e9 promovida pela Prefeitura Municipal de Santa Maria; Universidade Federal de Santa Maria (UFSM), Instituto Federal Farroupilha (IFFar) e pelo Projeto Esperan\u00e7a\/Cooesperan\u00e7a, bra\u00e7o da Arquidiocese de Santa Maria.<\/p>\n","protected":false},"excerpt":{"rendered":"<p>A Prefeitura de Maric\u00e1, por meio da Secretaria de Economia Solid\u00e1ria, participou da 28\u00aa Feira Internacional de Cooperativismo e da<\/p>\n","protected":false},"author":1,"featured_media":40164,"comment_status":"open","ping_status":"open","sticky":false,"template":"","format":"standard","meta":{"colormag_page_container_layout":"default_layout","colormag_page_sidebar_layout":"default_layout","footnotes":""},"categories":[17],"tags":[],"class_list":["post-40162","post","type-post","status-publish","format-standard","has-post-thumbnail","hentry","category-politica"],"amp_enabled":true,"_links":{"self":[{"href":"https:\/\/maricatotal.com.br\/site\/wp-json\/wp\/v2\/posts\/40162","targetHints":{"allow":["GET"]}}],"collection":[{"href":"https:\/\/maricatotal.com.br\/site\/wp-json\/wp\/v2\/posts"}],"about":[{"href":"https:\/\/maricatotal.com.br\/site\/wp-json\/wp\/v2\/types\/post"}],"author":[{"embeddable":true,"href":"https:\/\/maricatotal.com.br\/site\/wp-json\/wp\/v2\/users\/1"}],"replies":[{"embeddable":true,"href":"https:\/\/maricatotal.com.br\/site\/wp-json\/wp\/v2\/comments?post=40162"}],"version-history":[{"count":1,"href":"https:\/\/maricatotal.com.br\/site\/wp-json\/wp\/v2\/posts\/40162\/revisions"}],"predecessor-version":[{"id":40165,"href":"https:\/\/maricatotal.com.br\/site\/wp-json\/wp\/v2\/posts\/40162\/revisions\/40165"}],"wp:featuredmedia":[{"embeddable":true,"href":"https:\/\/maricatotal.com.br\/site\/wp-json\/wp\/v2\/media\/40164"}],"wp:attachment":[{"href":"https:\/\/maricatotal.com.br\/site\/wp-json\/wp\/v2\/media?parent=40162"}],"wp:term":[{"taxonomy":"category","embeddable":true,"href":"https:\/\/maricatotal.com.br\/site\/wp-json\/wp\/v2\/categories?post=40162"},{"taxonomy":"post_tag","embeddable":true,"href":"https:\/\/maricatotal.com.br\/site\/wp-json\/wp\/v2\/tags?post=40162"}],"curies":[{"name":"wp","href":"https:\/\/api.w.org\/{rel}","templated":true}]}}