{"id":40172,"date":"2022-07-20T12:36:24","date_gmt":"2022-07-20T15:36:24","guid":{"rendered":"https:\/\/maricatotal.com.br\/site\/?p=40172"},"modified":"2022-07-22T18:36:26","modified_gmt":"2022-07-22T21:36:26","slug":"trilha-do-circuito-ecologico-deste-domingo-sera-na-pedra-de-itaocaia-em-itaipuacu","status":"publish","type":"post","link":"https:\/\/maricatotal.com.br\/site\/2022\/07\/20\/trilha-do-circuito-ecologico-deste-domingo-sera-na-pedra-de-itaocaia-em-itaipuacu\/","title":{"rendered":"Trilha do Circuito Ecol\u00f3gico deste domingo ser\u00e1 na Pedra de Itaocaia, em Itaipua\u00e7u"},"content":{"rendered":"\n<p>O Circuito Ecol\u00f3gico Caminhos de Maric\u00e1 deste domingo (24\/07) vai celebrar a a\u00e7\u00e3o \u201cUm Dia no Parque\u201d, considerada a maior mobiliza\u00e7\u00e3o nacional em defesa de unidades de conserva\u00e7\u00e3o do Brasil, que em 2022 tem como tema \u201cDe volta ao lar\u201d. Promovida pela Prefeitura, por meio da Secretaria de Turismo, a caminhada ter\u00e1 como roteiro a Pedra de Itaocaia, em Itaipua\u00e7u, com 389m de altura e \u00e9 considerada patrim\u00f4nio natural municipal. As inscri\u00e7\u00f5es para as 15 vagas dispon\u00edveis come\u00e7am nesta quinta-feira (21), a partir de 13h, pelo link\u00a0<a href=\"https:\/\/forms.gle\/pLEc9Lt4V1WbpaQN8\">https:\/\/forms.gle\/pLEc9Lt4V1WbpaQN8<\/a>\u00a0.<\/p>\n\n\n\n<p>O trajeto tem dura\u00e7\u00e3o aproximada de quatro horas ida e volta, cuja trilha tem grau de dificuldade de m\u00e9dio a pesado, com trechos de subida em corda e escalaminhada. Ser\u00e1 realizado um mutir\u00e3o de coleta de res\u00edduos s\u00f3lidos durante a subida, com intervalos para di\u00e1logos sobre a preserva\u00e7\u00e3o e o compromisso com as \u00c1reas Naturais Protegidas, bem como sua import\u00e2ncia geol\u00f3gica e biol\u00f3gica para o planeta.<\/p>\n\n\n\n<p>A recomenda\u00e7\u00e3o aos participantes \u00e9 levar itens essenciais, como repelente, dois litros de \u00e1gua, lanche e protetor solar, vestir cal\u00e7a comprida, blusa de manga e cal\u00e7ado apropriado. O encontro dos participantes ser\u00e1 \u00e0s 8h, no posto de combust\u00edveis que fica na esquina da Avenida Carlos Marighella com a Rua Professor Cardoso de Menezes (antiga Rua Um), em Itaipua\u00e7u. Mais informa\u00e7\u00f5es podem ser obtidas na Secretaria de Turismo de Maric\u00e1 (Pra\u00e7a Conselheiro Macedo Soares, s\/n\u00ba \u2013 Centro) ou pelo telefone&nbsp;<a href=\"tel:(21) 97107-8991\">(21) 97107-8991<\/a>.<\/p>\n\n\n\n<p>O secret\u00e1rio de Turismo de Maric\u00e1, Robson Dutra, lembrou que as atividades do circuito estimulam h\u00e1bitos de vida saud\u00e1veis como a pr\u00e1tica de exerc\u00edcios f\u00edsicos, diminuindo o estresse e o cansa\u00e7o mental causado pelas responsabilidades do cotidiano.<\/p>\n\n\n\n<p>\u201cO Ecoturismo e o Turismo de Experi\u00eancia s\u00e3o segmentos que conectam as pessoas \u00e0 natureza, al\u00e9m de proporcionar v\u00e1rios benef\u00edcios, como o controle de doen\u00e7as como diabetes e hipertens\u00e3o e um aumento da sensa\u00e7\u00e3o de bem-estar. Sempre procuramos informar e dialogar com os participantes sobre a import\u00e2ncia das nossas florestas e sobre as condutas e regras a serem seguidas durante uma atividade na natureza\u201d, ressaltou Dutra.<\/p>\n\n\n\n<p><strong>\u00d3rg\u00e3os ambientais participam<\/strong><\/p>\n\n\n\n<p>Al\u00e9m dos inscritos, a caminhada ter\u00e1 a presen\u00e7a de representantes do projeto Caminhos Geol\u00f3gicos, da Faculdade de Geologia da UERJ, da Geoparque Cost\u00f5es e Lagunas do Rio de Janeiro e da ONG Gaia Solu\u00e7\u00f5es Sustent\u00e1veis, al\u00e9m de condutores ambientais credenciados pelo Instituto Estadual do Ambiente (Inea).<\/p>\n\n\n\n<p>A Institui\u00e7\u00e3o respons\u00e1vel pela mobiliza\u00e7\u00e3o nacional \u00e9 a Coaliz\u00e3o Pr\u00f3-UCs, composta por um grupo de institui\u00e7\u00f5es como a WWF Brasil, a Conserva\u00e7\u00e3o Internacional e SOS Mata Atl\u00e2ntica, entre outras, que se prop\u00f5em a congregar institui\u00e7\u00f5es, empresas e organiza\u00e7\u00f5es da sociedade civil comprometidas com a valoriza\u00e7\u00e3o e a defesa das unidades de conserva\u00e7\u00e3o ambiental.<\/p>\n\n\n\n<p><strong>Servi\u00e7o:<\/strong><\/p>\n\n\n\n<p>Circuito Ecol\u00f3gico Caminhos de Maric\u00e1<\/p>\n\n\n\n<p>Trajeto: Trilha da Pedra de Itaocaia<\/p>\n\n\n\n<p>Data: 24 de julho (domingo)<\/p>\n\n\n\n<p>Hor\u00e1rio: 8h<\/p>\n\n\n\n<p>Local de encontro: Posto de combust\u00edveis na esquina da Avenida Carlos Marighella com a Rua Professor Cardoso de Menezes, em Itaipua\u00e7u<\/p>\n\n\n\n<p>Inscri\u00e7\u00f5es pelo link&nbsp;<a href=\"https:\/\/forms.gle\/pLEc9Lt4V1WbpaQN8\">https:\/\/forms.gle\/pLEc9Lt4V1WbpaQN8<\/a><\/p>\n\n\n\n<p>Mais informa\u00e7\u00f5es:&nbsp;<a href=\"tel:(21) 97107-8991\">(21) 97107-8991<\/a><\/p>\n","protected":false},"excerpt":{"rendered":"<p>O Circuito Ecol\u00f3gico Caminhos de Maric\u00e1 deste domingo (24\/07) vai celebrar a a\u00e7\u00e3o \u201cUm Dia no Parque\u201d, considerada a maior<\/p>\n","protected":false},"author":1,"featured_media":40174,"comment_status":"open","ping_status":"open","sticky":false,"template":"","format":"standard","meta":{"colormag_page_container_layout":"default_layout","colormag_page_sidebar_layout":"default_layout","footnotes":""},"categories":[18],"tags":[],"class_list":["post-40172","post","type-post","status-publish","format-standard","has-post-thumbnail","hentry","category-entretenimento"],"amp_enabled":true,"_links":{"self":[{"href":"https:\/\/maricatotal.com.br\/site\/wp-json\/wp\/v2\/posts\/40172","targetHints":{"allow":["GET"]}}],"collection":[{"href":"https:\/\/maricatotal.com.br\/site\/wp-json\/wp\/v2\/posts"}],"about":[{"href":"https:\/\/maricatotal.com.br\/site\/wp-json\/wp\/v2\/types\/post"}],"author":[{"embeddable":true,"href":"https:\/\/maricatotal.com.br\/site\/wp-json\/wp\/v2\/users\/1"}],"replies":[{"embeddable":true,"href":"https:\/\/maricatotal.com.br\/site\/wp-json\/wp\/v2\/comments?post=40172"}],"version-history":[{"count":1,"href":"https:\/\/maricatotal.com.br\/site\/wp-json\/wp\/v2\/posts\/40172\/revisions"}],"predecessor-version":[{"id":40175,"href":"https:\/\/maricatotal.com.br\/site\/wp-json\/wp\/v2\/posts\/40172\/revisions\/40175"}],"wp:featuredmedia":[{"embeddable":true,"href":"https:\/\/maricatotal.com.br\/site\/wp-json\/wp\/v2\/media\/40174"}],"wp:attachment":[{"href":"https:\/\/maricatotal.com.br\/site\/wp-json\/wp\/v2\/media?parent=40172"}],"wp:term":[{"taxonomy":"category","embeddable":true,"href":"https:\/\/maricatotal.com.br\/site\/wp-json\/wp\/v2\/categories?post=40172"},{"taxonomy":"post_tag","embeddable":true,"href":"https:\/\/maricatotal.com.br\/site\/wp-json\/wp\/v2\/tags?post=40172"}],"curies":[{"name":"wp","href":"https:\/\/api.w.org\/{rel}","templated":true}]}}