{"id":40307,"date":"2022-07-23T08:01:10","date_gmt":"2022-07-23T11:01:10","guid":{"rendered":"https:\/\/maricatotal.com.br\/site\/?p=40307"},"modified":"2022-07-23T08:01:11","modified_gmt":"2022-07-23T11:01:11","slug":"arraia-da-mio-idade-reune-cerca-de-400-pessoas-nesta-sexta-feira","status":"publish","type":"post","link":"https:\/\/maricatotal.com.br\/site\/2022\/07\/23\/arraia-da-mio-idade-reune-cerca-de-400-pessoas-nesta-sexta-feira\/","title":{"rendered":"Arrai\u00e1 da Mi\u00f3 Idade re\u00fane cerca de 400 pessoas nesta sexta-feira\u00a0"},"content":{"rendered":"\n<p><a href=\"https:\/\/www.facebook.com\/sharer.php?u=https%3A%2F%2Fwww.marica.rj.gov.br%2F2022%2F07%2F22%2Farraia-da-mio-idade-reune-cerca-de-400-pessoas-nesta-sexta-feira-22-07%2F\"><\/a>Prefeitura de Maric\u00e1, por meio da Secretaria de Pol\u00edticas para a Terceira Idade, promoveu na tarde desta sexta-feira (22\/07) o Arrai\u00e1 da Mi\u00f3 Idade, no Col\u00e9gio Joana Benedicta Rangel, no Centro. Com decora\u00e7\u00e3o de festa julina, o evento contou com a participa\u00e7\u00e3o de cerca de 400 pessoas e apresenta\u00e7\u00f5es de dan\u00e7a caipira, com vestidos com roupas t\u00edpicas, al\u00e9m dos tradicionais passos de quadrilha, com direito a cestinha de flores, apresenta\u00e7\u00e3o de damas e cavalheiros, t\u00fanel e muito mais.<\/p>\n\n\n\n<p>Al\u00e9m dos participantes, a festa reuniu p\u00fablico de todas as idades. \u201cO tradicional Arrai\u00e1 da Mi\u00f3 Idade \u00e9 para toda fam\u00edlia e foi um sucesso! Ficamos muito felizes em ver a alegria da nossa melhor idade e da popula\u00e7\u00e3o. Essas festas proporcionam bem-estar, alegria e troca de energia\u201d, comentou o secret\u00e1rio de Pol\u00edticas para a Terceira Idade, Tatai.<\/p>\n\n\n\n<p>O palco foi comandado pelos cantores Marianna Cunha e Rhoan Victor com um repert\u00f3rio bem variado. Tamb\u00e9m foram disponibilizadas barraquinhas com cachorro-quente, espetinhos, bolos, pipoca, cuscuz e muito mais.<\/p>\n\n\n\n<p>\u201c\u00c9 um prazer fazer parte dessa festa, levar alegria pra eles e receber. Amei essa troca de energia. Uma experi\u00eancia \u00fanica!\u201d, disse Rhoan Victor.<\/p>\n\n\n\n<p>Frequentador da Casa da Terceira Idade, Jorge Carvalho, 79 anos, se emocionou ao ser o padre no arrai\u00e1. \u201cEst\u00e1 tudo maravilhoso. \u00c9 muito bom estar participando e ser o padre da nossa mega quadrilha. Uma festividade que n\u00e3o tem pre\u00e7o!\u201d, afirmou.<\/p>\n\n\n\n<p>\u201cN\u00f3s estamos com trajes caipiras, com nossos familiares e convidados, curtindo as m\u00fasicas e dan\u00e7ando. Estava com saudade do nosso Arrai\u00e1 da Mi\u00f3 Idade aberto ao p\u00fablico\u201d, declarou a moradora de Itapeba, Dalva Torres, de 76 anos.<\/p>\n","protected":false},"excerpt":{"rendered":"<p>Prefeitura de Maric\u00e1, por meio da Secretaria de Pol\u00edticas para a Terceira Idade, promoveu na tarde desta sexta-feira (22\/07) o<\/p>\n","protected":false},"author":1,"featured_media":40309,"comment_status":"open","ping_status":"open","sticky":false,"template":"","format":"standard","meta":{"colormag_page_container_layout":"default_layout","colormag_page_sidebar_layout":"default_layout","footnotes":""},"categories":[18],"tags":[],"class_list":["post-40307","post","type-post","status-publish","format-standard","has-post-thumbnail","hentry","category-entretenimento"],"amp_enabled":true,"_links":{"self":[{"href":"https:\/\/maricatotal.com.br\/site\/wp-json\/wp\/v2\/posts\/40307","targetHints":{"allow":["GET"]}}],"collection":[{"href":"https:\/\/maricatotal.com.br\/site\/wp-json\/wp\/v2\/posts"}],"about":[{"href":"https:\/\/maricatotal.com.br\/site\/wp-json\/wp\/v2\/types\/post"}],"author":[{"embeddable":true,"href":"https:\/\/maricatotal.com.br\/site\/wp-json\/wp\/v2\/users\/1"}],"replies":[{"embeddable":true,"href":"https:\/\/maricatotal.com.br\/site\/wp-json\/wp\/v2\/comments?post=40307"}],"version-history":[{"count":1,"href":"https:\/\/maricatotal.com.br\/site\/wp-json\/wp\/v2\/posts\/40307\/revisions"}],"predecessor-version":[{"id":40310,"href":"https:\/\/maricatotal.com.br\/site\/wp-json\/wp\/v2\/posts\/40307\/revisions\/40310"}],"wp:featuredmedia":[{"embeddable":true,"href":"https:\/\/maricatotal.com.br\/site\/wp-json\/wp\/v2\/media\/40309"}],"wp:attachment":[{"href":"https:\/\/maricatotal.com.br\/site\/wp-json\/wp\/v2\/media?parent=40307"}],"wp:term":[{"taxonomy":"category","embeddable":true,"href":"https:\/\/maricatotal.com.br\/site\/wp-json\/wp\/v2\/categories?post=40307"},{"taxonomy":"post_tag","embeddable":true,"href":"https:\/\/maricatotal.com.br\/site\/wp-json\/wp\/v2\/tags?post=40307"}],"curies":[{"name":"wp","href":"https:\/\/api.w.org\/{rel}","templated":true}]}}