{"id":40312,"date":"2022-07-23T08:03:08","date_gmt":"2022-07-23T11:03:08","guid":{"rendered":"https:\/\/maricatotal.com.br\/site\/?p=40312"},"modified":"2022-07-23T08:03:10","modified_gmt":"2022-07-23T11:03:10","slug":"sanemar-apresenta-programa-socioambiental-sanear-saude","status":"publish","type":"post","link":"https:\/\/maricatotal.com.br\/site\/2022\/07\/23\/sanemar-apresenta-programa-socioambiental-sanear-saude\/","title":{"rendered":"Sanemar apresenta programa socioambiental Sanear Sa\u00fade"},"content":{"rendered":"\n<p>A Companhia de Saneamento de Maric\u00e1 (Sanemar) apresentou na quinta-feira (21\/07) o programa socioambiental \u201cSanear Sa\u00fade\u201d a agentes comunit\u00e1rios das Unidades de Sa\u00fade da Fam\u00edlia (USF) da regi\u00e3o central da cidade, em reuni\u00e3o no audit\u00f3rio do Banco Mumbuca. Al\u00e9m da manuten\u00e7\u00e3o e da amplia\u00e7\u00e3o do sistema de esgotamento sanit\u00e1rio dos equipamentos p\u00fablicos de sa\u00fade, o Sanear Sa\u00fade tem por objetivo propor a\u00e7\u00f5es cont\u00ednuas de integra\u00e7\u00e3o entre saneamento b\u00e1sico e sa\u00fade no munic\u00edpio.<\/p>\n\n\n\n<p>A reuni\u00e3o foi conduzida pela diretora Comercial da Sanemar, Simone Costa, e contou com a participa\u00e7\u00e3o de profissionais das Unidades de Sa\u00fade da Fam\u00edlia dos bairros de S\u00e3o Jos\u00e9 do Imbassa\u00ed, Ponta Grossa, Mumbuca, Ubatuba, Amizade, Barra e Centro.<\/p>\n\n\n\n<p>Durante a apresenta\u00e7\u00e3o, Simone falou da import\u00e2ncia do trabalho dos agentes de sa\u00fade junto \u00e0 popula\u00e7\u00e3o mais vulner\u00e1vel e como essas a\u00e7\u00f5es podem auxiliar a Sanemar a pensar iniciativas voltadas \u00e0s caracter\u00edsticas sociossanit\u00e1rias dos domic\u00edlios de Maric\u00e1.<\/p>\n\n\n\n<p>\u201cQueremos que esses profissionais saiam daqui entendendo a import\u00e2ncia de se promover a sa\u00fade humana, de preservar o meio ambiente, os recursos naturais e como tudo isso ajuda na preven\u00e7\u00e3o de doen\u00e7as e na melhoria da qualidade de vida da popula\u00e7\u00e3o\u201d, explicou Simone.<\/p>\n\n\n\n<p>A diretora frisou ainda a import\u00e2ncia dos agentes estarem comprometidos com o preenchimento completo da ficha de cadastro domiciliar e territorial realizada pelas unidades de sa\u00fade.<\/p>\n\n\n\n<p>\u201cEsse cadastro vai ajudar n\u00e3o somente a Sanemar, mas a todos os \u00f3rg\u00e3os municipais a pensar a\u00e7\u00f5es necess\u00e1rias para a popula\u00e7\u00e3o em situa\u00e7\u00e3o de vulnerabilidade. Precisamos ter acesso a esses indicadores e por isso essa ficha precisa estar sempre atualizada. \u00c9 a partir desse preenchimento que teremos informa\u00e7\u00f5es especificas dessas fam\u00edlias, nos permitindo avaliar os indicadores antes e depois das atividades da Sanemar\u201d, completou Simone.<\/p>\n\n\n\n<p>Na avalia\u00e7\u00e3o de Isabella Fonseca, agente da USF de Ponta grossa, o encontro foi muito agregador e necess\u00e1rio para que os profissionais da sa\u00fade possam cada vez mais prestar um trabalho humanizado e atender as necessidades das pessoas.<\/p>\n\n\n\n<p>\u201cSaio daqui mais preparada e segura para realizar o meu trabalho. As situa\u00e7\u00f5es expostas durante a palestra s\u00e3o reais. Ainda temos em Maric\u00e1 pessoas em situa\u00e7\u00e3o de vulnerabilidade, mas que a partir do nosso trabalho poder\u00e3o viver com mais dignidade, mais qualidade de vida e mais sa\u00fade\u201d, disse Isabella.<\/p>\n","protected":false},"excerpt":{"rendered":"<p>A Companhia de Saneamento de Maric\u00e1 (Sanemar) apresentou na quinta-feira (21\/07) o programa socioambiental \u201cSanear Sa\u00fade\u201d a agentes comunit\u00e1rios das<\/p>\n","protected":false},"author":1,"featured_media":40314,"comment_status":"open","ping_status":"open","sticky":false,"template":"","format":"standard","meta":{"colormag_page_container_layout":"default_layout","colormag_page_sidebar_layout":"default_layout","footnotes":""},"categories":[18],"tags":[],"class_list":["post-40312","post","type-post","status-publish","format-standard","has-post-thumbnail","hentry","category-entretenimento"],"amp_enabled":true,"_links":{"self":[{"href":"https:\/\/maricatotal.com.br\/site\/wp-json\/wp\/v2\/posts\/40312","targetHints":{"allow":["GET"]}}],"collection":[{"href":"https:\/\/maricatotal.com.br\/site\/wp-json\/wp\/v2\/posts"}],"about":[{"href":"https:\/\/maricatotal.com.br\/site\/wp-json\/wp\/v2\/types\/post"}],"author":[{"embeddable":true,"href":"https:\/\/maricatotal.com.br\/site\/wp-json\/wp\/v2\/users\/1"}],"replies":[{"embeddable":true,"href":"https:\/\/maricatotal.com.br\/site\/wp-json\/wp\/v2\/comments?post=40312"}],"version-history":[{"count":1,"href":"https:\/\/maricatotal.com.br\/site\/wp-json\/wp\/v2\/posts\/40312\/revisions"}],"predecessor-version":[{"id":40315,"href":"https:\/\/maricatotal.com.br\/site\/wp-json\/wp\/v2\/posts\/40312\/revisions\/40315"}],"wp:featuredmedia":[{"embeddable":true,"href":"https:\/\/maricatotal.com.br\/site\/wp-json\/wp\/v2\/media\/40314"}],"wp:attachment":[{"href":"https:\/\/maricatotal.com.br\/site\/wp-json\/wp\/v2\/media?parent=40312"}],"wp:term":[{"taxonomy":"category","embeddable":true,"href":"https:\/\/maricatotal.com.br\/site\/wp-json\/wp\/v2\/categories?post=40312"},{"taxonomy":"post_tag","embeddable":true,"href":"https:\/\/maricatotal.com.br\/site\/wp-json\/wp\/v2\/tags?post=40312"}],"curies":[{"name":"wp","href":"https:\/\/api.w.org\/{rel}","templated":true}]}}