{"id":40317,"date":"2022-07-23T08:04:41","date_gmt":"2022-07-23T11:04:41","guid":{"rendered":"https:\/\/maricatotal.com.br\/site\/?p=40317"},"modified":"2022-07-23T08:04:42","modified_gmt":"2022-07-23T11:04:42","slug":"fim-de-semana-sem-previsao-de-chuva-em-marica","status":"publish","type":"post","link":"https:\/\/maricatotal.com.br\/site\/2022\/07\/23\/fim-de-semana-sem-previsao-de-chuva-em-marica\/","title":{"rendered":"Fim de semana sem previs\u00e3o de chuva em Maric\u00e1"},"content":{"rendered":"\n<p>A Prefeitura de Maric\u00e1, por meio da Secretaria de Prote\u00e7\u00e3o e Defesa Civil, informa que n\u00e3o h\u00e1 possibilidade de chuva para o fim de semana (dias 22 a 24\/07) no munic\u00edpio. Devido ao posicionamento de um sistema de alta press\u00e3o, as condi\u00e7\u00f5es do tempo se mant\u00eam est\u00e1veis.<br>Nesta sexta-feira (22\/07) e no s\u00e1bado (23\/07), o c\u00e9u se manter\u00e1 claro e com poucas nuvens, sem previs\u00e3o de chuva. Os ventos ter\u00e3o intensidade fraca a moderada e a temperatura m\u00ednima prevista ser\u00e1 de 19\u00b0C e a m\u00e1xima de 30\u00b0C. A umidade relativa do ar vai variar entre 50% e 90%.<\/p>\n\n\n\n<p>J\u00e1 no domingo (24\/07), o c\u00e9u se mant\u00e9m claro e com poucas nuvens, sem previs\u00e3o de chuva. Os ventos ter\u00e3o intensidade fraca a moderada e a temperatura m\u00ednima prevista ser\u00e1 de 20\u00b0C e a m\u00e1xima de 29\u00b0C. A umidade relativa do ar ir\u00e1 variar entre 40% e 85%.<\/p>\n\n\n\n<p>As equipes da Defesa Civil permanecem de prontid\u00e3o 24 horas no centro operacional e podem ser acionadas pelos telefones 199,&nbsp;<a href=\"tel:2637-1999\">2637-1999<\/a>&nbsp;ou pelo WhatsApp&nbsp;<a href=\"tel:(21) 97000-5782\">(21) 97000-5782<\/a>.<\/p>\n","protected":false},"excerpt":{"rendered":"<p>A Prefeitura de Maric\u00e1, por meio da Secretaria de Prote\u00e7\u00e3o e Defesa Civil, informa que n\u00e3o h\u00e1 possibilidade de chuva<\/p>\n","protected":false},"author":1,"featured_media":40318,"comment_status":"open","ping_status":"open","sticky":false,"template":"","format":"standard","meta":{"colormag_page_container_layout":"default_layout","colormag_page_sidebar_layout":"default_layout","footnotes":""},"categories":[14],"tags":[],"class_list":["post-40317","post","type-post","status-publish","format-standard","has-post-thumbnail","hentry","category-bairros"],"amp_enabled":true,"_links":{"self":[{"href":"https:\/\/maricatotal.com.br\/site\/wp-json\/wp\/v2\/posts\/40317","targetHints":{"allow":["GET"]}}],"collection":[{"href":"https:\/\/maricatotal.com.br\/site\/wp-json\/wp\/v2\/posts"}],"about":[{"href":"https:\/\/maricatotal.com.br\/site\/wp-json\/wp\/v2\/types\/post"}],"author":[{"embeddable":true,"href":"https:\/\/maricatotal.com.br\/site\/wp-json\/wp\/v2\/users\/1"}],"replies":[{"embeddable":true,"href":"https:\/\/maricatotal.com.br\/site\/wp-json\/wp\/v2\/comments?post=40317"}],"version-history":[{"count":1,"href":"https:\/\/maricatotal.com.br\/site\/wp-json\/wp\/v2\/posts\/40317\/revisions"}],"predecessor-version":[{"id":40319,"href":"https:\/\/maricatotal.com.br\/site\/wp-json\/wp\/v2\/posts\/40317\/revisions\/40319"}],"wp:featuredmedia":[{"embeddable":true,"href":"https:\/\/maricatotal.com.br\/site\/wp-json\/wp\/v2\/media\/40318"}],"wp:attachment":[{"href":"https:\/\/maricatotal.com.br\/site\/wp-json\/wp\/v2\/media?parent=40317"}],"wp:term":[{"taxonomy":"category","embeddable":true,"href":"https:\/\/maricatotal.com.br\/site\/wp-json\/wp\/v2\/categories?post=40317"},{"taxonomy":"post_tag","embeddable":true,"href":"https:\/\/maricatotal.com.br\/site\/wp-json\/wp\/v2\/tags?post=40317"}],"curies":[{"name":"wp","href":"https:\/\/api.w.org\/{rel}","templated":true}]}}