{"id":40321,"date":"2022-07-23T08:06:26","date_gmt":"2022-07-23T11:06:26","guid":{"rendered":"https:\/\/maricatotal.com.br\/site\/?p=40321"},"modified":"2022-07-23T08:06:28","modified_gmt":"2022-07-23T11:06:28","slug":"marica-sedia-7a-edicao-do-encontro-nacional-de-blogueiros-e-ativistas-digitais","status":"publish","type":"post","link":"https:\/\/maricatotal.com.br\/site\/2022\/07\/23\/marica-sedia-7a-edicao-do-encontro-nacional-de-blogueiros-e-ativistas-digitais\/","title":{"rendered":"Maric\u00e1 sedia 7\u00aa edi\u00e7\u00e3o do Encontro Nacional de Blogueiros e Ativistas Digitais"},"content":{"rendered":"\n<p>O munic\u00edpio de Maric\u00e1 sedia a partir desta sexta-feira (22\/07) a 7\u00aa edi\u00e7\u00e3o do Encontro Nacional de Blogueiros e Ativistas Digitais, no Cine Henfil, no Centro, que reunir\u00e1 at\u00e9 domingo (24\/07) profissionais da comunica\u00e7\u00e3o, cultura e do ativismo digital, para debater estrat\u00e9gias e trocar experi\u00eancias. A abertura ser\u00e1 a partir das 18h desta sexta-feira (22\/07), com a participa\u00e7\u00e3o do prefeito Fabiano Horta. O evento ser\u00e1 transmitido ao vivo por meio do canal do YouTube: https:\/\/youtube.com\/c\/CanaldoBarao<\/p>\n\n\n\n<p>Ao longo do fim de semana, estar\u00e3o em pauta discuss\u00f5es sobre temas desafiadores, especialmente na comunica\u00e7\u00e3o, em meio ao aprofundamento do fen\u00f4meno das not\u00edcias falsas, com a participa\u00e7\u00e3o de representantes de diversas entidades, como a Associa\u00e7\u00e3o Brasileira de Imprensa (ABI), Federa\u00e7\u00e3o Nacional dos Jornalistas (Fenaj), F\u00f3rum Nacional pela Democratiza\u00e7\u00e3o da Comunica\u00e7\u00e3o e Uni\u00e3o Nacional dos Estudantes (UNE).<\/p>\n\n\n\n<p>Entre os assuntos que ser\u00e3o abordados est\u00e3o: \u201cCiviliza\u00e7\u00e3o ou barb\u00e1rie: o que est\u00e1 em jogo na elei\u00e7\u00e3o\u201d; \u201cComo enfrentar a guerra suja da campanha eleitoral\u201d; e \u201cUma plataforma para democratizar a comunica\u00e7\u00e3o\u201d.&nbsp; Est\u00e3o previstas ainda homenagens ao jornalista Paulo Henrique Amorim, morto em 2019 v\u00edtima de infarto; e \u00e0 vereadora Marielle Franco (assassinada no Rio de Janeiro em mar\u00e7o de 2018), entre outras personalidades. Tamb\u00e9m fazem parte da programa\u00e7\u00e3o o lan\u00e7amento de livros, rodas de conversas e exibi\u00e7\u00e3o do filme sobre Julian Assange.<\/p>\n\n\n\n<p><strong>Confira a programa\u00e7\u00e3o completa:<\/strong><\/p>\n\n\n\n<p><strong>22 de julho, sexta-feira, \u00e0s 18 horas<\/strong><\/p>\n\n\n\n<p>Abertura: Cido Cidoli (SP) e D\u00e9bora Cruz (DF)<\/p>\n\n\n\n<p>\u2013 Apresenta\u00e7\u00e3o dos objetivos e din\u00e2mica do evento;<\/p>\n\n\n\n<p>\u2013 Apresenta\u00e7\u00e3o da cidade e das experi\u00eancias de Maric\u00e1 \u2013 prefeito Fabiano Horta;<\/p>\n\n\n\n<p>\u2013 Homenagem a Paulo Henrique Amorim \u2013 Ge\u00f3rgia Pinheiro;<\/p>\n\n\n\n<p>\u2013 Homenagem a Marielle Franco \u2013 Ant\u00f4nio Francisco da Silva Neto (pai de Marielle);<\/p>\n\n\n\n<p>\u2013 Homenagem a Alexandre Teixeira \u2013 Henrique Pizzolato;<\/p>\n\n\n\n<p>\u2013 Homenagem a Antonio Barbosa Filho \u2013 Kado Moura (filho)<\/p>\n\n\n\n<p><strong>22 de julho, sexta-feira, \u00e0s 19 horas<\/strong><\/p>\n\n\n\n<p>\u201cCiviliza\u00e7\u00e3o ou barb\u00e1rie: O que est\u00e1 em jogo na elei\u00e7\u00e3o\u201d \u2013 mesa: Eliara Santana (MG) e Theo Rodrigues (RJ)<\/p>\n\n\n\n<p>\u2013 Hildegard Angel \u2013 jornalista;<\/p>\n\n\n\n<p>\u2013 Gilmar Mauro \u2013 coordena\u00e7\u00e3o do MST;<\/p>\n\n\n\n<p>\u2013 Txai Suru\u00ed \u2013 ativista ind\u00edgena do povo Paiter Surui;<\/p>\n\n\n\n<p><strong>23 de julho, s\u00e1bado, \u00e0s 9 horas<\/strong><\/p>\n\n\n\n<p>\u201cComo enfrentar a guerra suja da campanha eleitoral\u201d \u2013 mesa: Larissa Gould (SP) e Oscar Barros (PI);<\/p>\n\n\n\n<p>\u2013 Maria Jos\u00e9 Braga \u2013 presidente da Federa\u00e7\u00e3o Nacional dos Jornalistas (Fenaj);<\/p>\n\n\n\n<p>\u2013 Oct\u00e1vio Costa \u2013 presidente da Associa\u00e7\u00e3o Brasileira de Imprensa (ABI);<\/p>\n\n\n\n<p>\u2013 Let\u00edcia Sallorenzo \u2013 jornalista, linguista e autora do livro \u201cGram\u00e1tica da manipula\u00e7\u00e3o\u201d;<\/p>\n\n\n\n<p>\u2013 Rita Von Hunty (Tempero Drag);<\/p>\n\n\n\n<p><strong>23 de julho, s\u00e1bado, \u00e0s 14 horas<\/strong><\/p>\n\n\n\n<p>\u201cUma plataforma para democratizar a comunica\u00e7\u00e3o\u201d \u2013 mesa: Tania Mandarino (PR) e Dimas Roque (BA);<\/p>\n\n\n\n<p>\u2013 Beth Costa \u2013 coordenadora do F\u00f3rum Nacional pela Democratiza\u00e7\u00e3o da Comunica\u00e7\u00e3o (FNDC);<\/p>\n\n\n\n<p>\u2013 Renata Mielli \u2013 coordena\u00e7\u00e3o do Centro de Estudos Bar\u00e3o de Itarar\u00e9;<\/p>\n\n\n\n<p>\u2013 Sergio Amadeu \u2013 professor da Universidade Federal da ABC (UFABC), criador e apresentador do podcast Tecnopol\u00edtica;<\/p>\n\n\n\n<p><strong>23 de julho, s\u00e1bado, \u00e0s 16 horas<\/strong><\/p>\n\n\n\n<p>Lan\u00e7amento dos livros:<\/p>\n\n\n\n<p>\u2013 Como derrotar o fascismo \u2013 Renato Rovai e S\u00e9rgio Amadeu;<\/p>\n\n\n\n<p>\u2013 Novos rumos da comunica\u00e7\u00e3o comunit\u00e1ria no Brasil \u2013 Andr\u00e9 Fernandes (org.);<\/p>\n\n\n\n<p>\u2013 De Lula a Bolsonaro: combates na internet \u2013 Rodrigo Vianna;<\/p>\n\n\n\n<p><strong>23 de julho, s\u00e1bado, 17 horas \u2013 Roda de conversa e troca de experi\u00eancias<\/strong><\/p>\n\n\n\n<p>Grupo 1. Coordena\u00e7\u00e3o e relatoria: Luciana Oliveira (RO) e Lissandro Nascimento (PE)<\/p>\n\n\n\n<p>\u2013 Miguel do Ros\u00e1rio (O Cafezinho e revista F\u00f3rum);<\/p>\n\n\n\n<p>\u2013 Roni Barbosa (Brigadas Digitais da CUT);<\/p>\n\n\n\n<p>\u2013 Grupo 2. Coordena\u00e7\u00e3o e relatoria: Amanda Rodrigues (PB) e Fred Noleto (GO);<\/p>\n\n\n\n<p>\u2013 Kiko Nogueira (DCM);<\/p>\n\n\n\n<p>\u2013 Gilberto Souza (Correio do Brasil);<\/p>\n\n\n\n<p>\u2013 Grupo 3. Coordena\u00e7\u00e3o e relatoria: Daniel Dantas (RN) e Andressa Flores (RS)<\/p>\n\n\n\n<p>\u2013 Anderson Moraes (Empoderado);<\/p>\n\n\n\n<p>\u2013 Fernando Brito (Tijola\u00e7o);<\/p>\n\n\n\n<p>\u2013 Ren\u00ea Silva (Vozes da Comunidade \u2013 Complexo da Mar\u00e9-RJ);<\/p>\n\n\n\n<p>\u2013 Bruna Brelaz (presidenta da UNE);<\/p>\n\n\n\n<p><strong>24 de julho, domingo, das 9 \u00e0s 13 horas<\/strong><\/p>\n\n\n\n<p>Coordena\u00e7\u00e3o: Concei\u00e7\u00e3o Oliveira e Altamiro Borges;<\/p>\n\n\n\n<p>\u2013 Sauda\u00e7\u00e3o das delega\u00e7\u00f5es latino-americanas. Coordena\u00e7\u00e3o: Cl\u00e1udio Machado;<\/p>\n\n\n\n<p>\u2013 Experi\u00eancia do ComunicaSul na Col\u00f4mbia \u2013 Felipe Bianchi;<\/p>\n\n\n\n<p>\u2013 Apresenta\u00e7\u00e3o do document\u00e1rio \u201cN\u00e3o foi acidente, mataram meu pai\u201d \u2013 diretora Jana S\u00e1 (1h10);<\/p>\n\n\n\n<p>\u2013 Lan\u00e7amento dos livros:<\/p>\n\n\n\n<p>\u2013 Democratizar a comunica\u00e7\u00e3o \u2013 The\u00f3filo Rodrigues e Larissa Ormay (org.);<\/p>\n\n\n\n<p>\u2013 O outro lado \u2013 Amanda Rodrigues;<\/p>\n\n\n\n<p>\u2013 Filme sobre Julian Assange;<\/p>\n\n\n\n<p>\u2013 Aprova\u00e7\u00e3o da Carta do 7\u00ba Blogprog e elei\u00e7\u00e3o da nova comiss\u00e3o nacional do Blogprog; um representante por estado \u2013 respons\u00e1vel Cido (30 minutos);<\/p>\n","protected":false},"excerpt":{"rendered":"<p>O munic\u00edpio de Maric\u00e1 sedia a partir desta sexta-feira (22\/07) a 7\u00aa edi\u00e7\u00e3o do Encontro Nacional de Blogueiros e Ativistas<\/p>\n","protected":false},"author":1,"featured_media":40322,"comment_status":"open","ping_status":"open","sticky":false,"template":"","format":"standard","meta":{"colormag_page_container_layout":"default_layout","colormag_page_sidebar_layout":"default_layout","footnotes":""},"categories":[18],"tags":[],"class_list":["post-40321","post","type-post","status-publish","format-standard","has-post-thumbnail","hentry","category-entretenimento"],"amp_enabled":true,"_links":{"self":[{"href":"https:\/\/maricatotal.com.br\/site\/wp-json\/wp\/v2\/posts\/40321","targetHints":{"allow":["GET"]}}],"collection":[{"href":"https:\/\/maricatotal.com.br\/site\/wp-json\/wp\/v2\/posts"}],"about":[{"href":"https:\/\/maricatotal.com.br\/site\/wp-json\/wp\/v2\/types\/post"}],"author":[{"embeddable":true,"href":"https:\/\/maricatotal.com.br\/site\/wp-json\/wp\/v2\/users\/1"}],"replies":[{"embeddable":true,"href":"https:\/\/maricatotal.com.br\/site\/wp-json\/wp\/v2\/comments?post=40321"}],"version-history":[{"count":1,"href":"https:\/\/maricatotal.com.br\/site\/wp-json\/wp\/v2\/posts\/40321\/revisions"}],"predecessor-version":[{"id":40323,"href":"https:\/\/maricatotal.com.br\/site\/wp-json\/wp\/v2\/posts\/40321\/revisions\/40323"}],"wp:featuredmedia":[{"embeddable":true,"href":"https:\/\/maricatotal.com.br\/site\/wp-json\/wp\/v2\/media\/40322"}],"wp:attachment":[{"href":"https:\/\/maricatotal.com.br\/site\/wp-json\/wp\/v2\/media?parent=40321"}],"wp:term":[{"taxonomy":"category","embeddable":true,"href":"https:\/\/maricatotal.com.br\/site\/wp-json\/wp\/v2\/categories?post=40321"},{"taxonomy":"post_tag","embeddable":true,"href":"https:\/\/maricatotal.com.br\/site\/wp-json\/wp\/v2\/tags?post=40321"}],"curies":[{"name":"wp","href":"https:\/\/api.w.org\/{rel}","templated":true}]}}