{"id":40364,"date":"2022-07-23T22:50:32","date_gmt":"2022-07-24T01:50:32","guid":{"rendered":"https:\/\/maricatotal.com.br\/site\/?p=40364"},"modified":"2022-07-23T22:50:33","modified_gmt":"2022-07-24T01:50:33","slug":"pm-maricaense-denuncia-ofensas-racistas-de-motorista-durante-blitz-macaco","status":"publish","type":"post","link":"https:\/\/maricatotal.com.br\/site\/2022\/07\/23\/pm-maricaense-denuncia-ofensas-racistas-de-motorista-durante-blitz-macaco\/","title":{"rendered":"PM maricaense denuncia ofensas racistas de motorista durante blitz: &#8216;Macaco&#8217;"},"content":{"rendered":"\n<p>Um policial militar do Rio de Janeiro denuncia ter sido v\u00edtima de racismo por parte de um motorista parado em uma blitz da&nbsp;<a href=\"https:\/\/www.uol.com.br\/carros\/faq\/bafometro-e-lei-seca-tire-rodas-duvidas-sobre-o-teste-e-as-punicoes.htm\">Lei Seca<\/a>. O caso, que ocorreu no dia 4 de julho, s\u00f3 foi divulgado pela Secretaria de Estado do Rio de Janeiro hoje junto ao depoimento da v\u00edtima, Wagner Carvalho.<\/p>\n\n\n\n<p>A blitz era realizada na Avenida das Am\u00e9ricas, no Recreio dos Bandeirantes, zona oeste do Rio, quando o motorista disse ao policial que a &#8220;ra\u00e7a&#8221; dele s\u00f3 fazia &#8220;merda&#8221;. Ao ouvir as palavras, Wagner Carvalho pediu para que ele as repetisse, mas o motorista, Leonardo Fernandes Pontes, se recusou por um momento.<\/p>\n\n\n\n<p>&#8220;Ele permaneceu calado e atr\u00e1s da barraca, me chamou de macaco, filha da&#8230; Algemei, ele come\u00e7ou a xingar toda a equipe, agrediu com chutes dois agentes civis e, no trajeto para a delegacia, ele continuou as ofensas&#8221;, declarou o policial.<\/p>\n\n\n\n<p>Segundo ele, o motorista afirmou que o policial poderia falar para o delegado que ele o havia chamado de &#8220;macaco&#8221;. &#8220;[Disse que] pelo fato de eu ser preto, eu n\u00e3o tinha direito a ter fam\u00edlia&#8221;, relatou o PM.<\/p>\n\n\n\n<p>&#8220;A gente espera uma agress\u00e3o f\u00edsica, encontrar algu\u00e9m armado, uma troca de tiros. Nunca, nunca, nunca passou pela minha cabe\u00e7a sofrer esse tipo de inj\u00faria, de agress\u00e3o&#8221;, disse o policial Wagner Carvalho.<\/p>\n\n\n\n<p>Leonardo Fernandes Pontes foi preso em flagrante e o caso foi registrado como inj\u00faria racial na 16\u00aa DP (Barra da Tijuca). Ele passou por audi\u00eancia de cust\u00f3dia no dia 6 de julho teve a pris\u00e3o convertida em medida cautelar.<\/p>\n\n\n\n<p>A ju\u00edza determinou que Mendes compare\u00e7a mensalmente na comarca para &#8220;informar e justificar suas atividades at\u00e9 o dia 10 de cada m\u00eas&#8221; at\u00e9 que seja proferida a senten\u00e7a. Al\u00e9m disso, ele est\u00e1 impedido de se ausentar da comarca em que reside sem autoriza\u00e7\u00e3o judicial por mais de 5 dias corridos.<\/p>\n\n\n\n<p>&#8220;A Secretaria de Governo deu todo o apoio ao policial e destaca que orienta seus agentes a registrar, nas unidades da Pol\u00edcia Civil, todos os casos de racismo ou qualquer outro crime cometido contra os agentes p\u00fablicos&#8221;, completa o posicionamento do \u00f3rg\u00e3o.<\/p>\n","protected":false},"excerpt":{"rendered":"<p>Um policial militar do Rio de Janeiro denuncia ter sido v\u00edtima de racismo por parte de um motorista parado em<\/p>\n","protected":false},"author":1,"featured_media":40366,"comment_status":"open","ping_status":"open","sticky":false,"template":"","format":"standard","meta":{"colormag_page_container_layout":"default_layout","colormag_page_sidebar_layout":"default_layout","footnotes":""},"categories":[1],"tags":[],"class_list":["post-40364","post","type-post","status-publish","format-standard","has-post-thumbnail","hentry","category-noticias"],"amp_enabled":true,"_links":{"self":[{"href":"https:\/\/maricatotal.com.br\/site\/wp-json\/wp\/v2\/posts\/40364","targetHints":{"allow":["GET"]}}],"collection":[{"href":"https:\/\/maricatotal.com.br\/site\/wp-json\/wp\/v2\/posts"}],"about":[{"href":"https:\/\/maricatotal.com.br\/site\/wp-json\/wp\/v2\/types\/post"}],"author":[{"embeddable":true,"href":"https:\/\/maricatotal.com.br\/site\/wp-json\/wp\/v2\/users\/1"}],"replies":[{"embeddable":true,"href":"https:\/\/maricatotal.com.br\/site\/wp-json\/wp\/v2\/comments?post=40364"}],"version-history":[{"count":1,"href":"https:\/\/maricatotal.com.br\/site\/wp-json\/wp\/v2\/posts\/40364\/revisions"}],"predecessor-version":[{"id":40367,"href":"https:\/\/maricatotal.com.br\/site\/wp-json\/wp\/v2\/posts\/40364\/revisions\/40367"}],"wp:featuredmedia":[{"embeddable":true,"href":"https:\/\/maricatotal.com.br\/site\/wp-json\/wp\/v2\/media\/40366"}],"wp:attachment":[{"href":"https:\/\/maricatotal.com.br\/site\/wp-json\/wp\/v2\/media?parent=40364"}],"wp:term":[{"taxonomy":"category","embeddable":true,"href":"https:\/\/maricatotal.com.br\/site\/wp-json\/wp\/v2\/categories?post=40364"},{"taxonomy":"post_tag","embeddable":true,"href":"https:\/\/maricatotal.com.br\/site\/wp-json\/wp\/v2\/tags?post=40364"}],"curies":[{"name":"wp","href":"https:\/\/api.w.org\/{rel}","templated":true}]}}