{"id":40729,"date":"2022-07-31T12:10:53","date_gmt":"2022-07-31T15:10:53","guid":{"rendered":"https:\/\/maricatotal.com.br\/site\/?p=40729"},"modified":"2022-08-09T22:57:50","modified_gmt":"2022-08-10T01:57:50","slug":"sanemar-leva-iniciativa-para-dois-locais-de-sao-jose-do-imbassai","status":"publish","type":"post","link":"https:\/\/maricatotal.com.br\/site\/2022\/07\/31\/sanemar-leva-iniciativa-para-dois-locais-de-sao-jose-do-imbassai\/","title":{"rendered":"Sanemar leva iniciativa para dois locais de S\u00e3o Jos\u00e9 do Imbassa\u00ed\u00a0"},"content":{"rendered":"\n<p>A Prefeitura de Maric\u00e1, por meio da Companhia de Saneamento de Maric\u00e1 (Sanemar), apresentou na \u00faltima quinta-feira (28\/07) o Programa Sanear Maric\u00e1 para cerca de 70 fam\u00edlias, do Marine e da Rua Aur\u00e9lio Sim\u00f5es, ambos endere\u00e7os em S\u00e3o Jos\u00e9 de Imbassa\u00ed. A a\u00e7\u00e3o foi realizada na Escola Municipal Elomir Silva. O programa \u00e9 dividido em Sanear + \u00c1gua (fornecimento por caminh\u00f5es-pipa) e Sanear + Esgoto (a\u00e7\u00f5es de esgotamento sanit\u00e1rio) e busca levar solu\u00e7\u00f5es de curto e m\u00e9dio prazo para mun\u00edcipes em situa\u00e7\u00e3o de vulnerabilidade e carentes de fornecimento de \u00e1gua pot\u00e1vel e de saneamento b\u00e1sico.<\/p>\n\n\n\n<p>A diretora t\u00e9cnica operacional da Sanemar, Roberta Cardoso, explicou que o encontro tamb\u00e9m buscou conhecer melhor as demandas e cadastrar as fam\u00edlias que ser\u00e3o beneficiadas pelo programa. \u201cAvaliaremos cada situa\u00e7\u00e3o para trabalhar na melhor solu\u00e7\u00e3o para o esgotamento sanit\u00e1rio desta \u00e1rea. As fam\u00edlias cadastradas hoje em breve come\u00e7ar\u00e3o a ser atendidas com o fornecimento regular de \u00e1gua de caminh\u00f5es-pipa\u201d, assegurou ela.<\/p>\n\n\n\n<p>Morando no bairro h\u00e1 25 anos, a dona de casa Alzair Freitas Menezes utiliza \u00e1gua de po\u00e7o, que, segundo ela, \u00e9 de m\u00e1 qualidade, e n\u00e3o possui fossa s\u00e9ptica em sua resid\u00eancia. \u201cA \u00e1gua do meu po\u00e7o n\u00e3o serve para beber, cozinhar ou lavar roupas, uso somente para alguns afazeres dom\u00e9sticos. J\u00e1 o esgoto, passa por dentro do quintal do meu vizinho e isso \u00e9 muito desagrad\u00e1vel. A constru\u00e7\u00e3o de fossas aqui no loteamento vai resolver o problema de muita gente\u201d, avaliou Alzair.<\/p>\n","protected":false},"excerpt":{"rendered":"<p>A Prefeitura de Maric\u00e1, por meio da Companhia de Saneamento de Maric\u00e1 (Sanemar), apresentou na \u00faltima quinta-feira (28\/07) o Programa<\/p>\n","protected":false},"author":1,"featured_media":40730,"comment_status":"open","ping_status":"open","sticky":false,"template":"","format":"standard","meta":{"colormag_page_container_layout":"default_layout","colormag_page_sidebar_layout":"default_layout","footnotes":""},"categories":[18],"tags":[],"class_list":["post-40729","post","type-post","status-publish","format-standard","has-post-thumbnail","hentry","category-entretenimento"],"amp_enabled":true,"_links":{"self":[{"href":"https:\/\/maricatotal.com.br\/site\/wp-json\/wp\/v2\/posts\/40729","targetHints":{"allow":["GET"]}}],"collection":[{"href":"https:\/\/maricatotal.com.br\/site\/wp-json\/wp\/v2\/posts"}],"about":[{"href":"https:\/\/maricatotal.com.br\/site\/wp-json\/wp\/v2\/types\/post"}],"author":[{"embeddable":true,"href":"https:\/\/maricatotal.com.br\/site\/wp-json\/wp\/v2\/users\/1"}],"replies":[{"embeddable":true,"href":"https:\/\/maricatotal.com.br\/site\/wp-json\/wp\/v2\/comments?post=40729"}],"version-history":[{"count":1,"href":"https:\/\/maricatotal.com.br\/site\/wp-json\/wp\/v2\/posts\/40729\/revisions"}],"predecessor-version":[{"id":40731,"href":"https:\/\/maricatotal.com.br\/site\/wp-json\/wp\/v2\/posts\/40729\/revisions\/40731"}],"wp:featuredmedia":[{"embeddable":true,"href":"https:\/\/maricatotal.com.br\/site\/wp-json\/wp\/v2\/media\/40730"}],"wp:attachment":[{"href":"https:\/\/maricatotal.com.br\/site\/wp-json\/wp\/v2\/media?parent=40729"}],"wp:term":[{"taxonomy":"category","embeddable":true,"href":"https:\/\/maricatotal.com.br\/site\/wp-json\/wp\/v2\/categories?post=40729"},{"taxonomy":"post_tag","embeddable":true,"href":"https:\/\/maricatotal.com.br\/site\/wp-json\/wp\/v2\/tags?post=40729"}],"curies":[{"name":"wp","href":"https:\/\/api.w.org\/{rel}","templated":true}]}}