{"id":40770,"date":"2022-08-01T14:44:02","date_gmt":"2022-08-01T17:44:02","guid":{"rendered":"https:\/\/maricatotal.com.br\/site\/?p=40770"},"modified":"2022-08-09T22:58:54","modified_gmt":"2022-08-10T01:58:54","slug":"prefeitura-moderniza-instalacoes-de-radiografia-do-hospital-conde-modesto-leal","status":"publish","type":"post","link":"https:\/\/maricatotal.com.br\/site\/2022\/08\/01\/prefeitura-moderniza-instalacoes-de-radiografia-do-hospital-conde-modesto-leal\/","title":{"rendered":"Prefeitura moderniza instala\u00e7\u00f5es de radiografia do Hospital Conde Modesto Leal"},"content":{"rendered":"\n<p>A Prefeitura de Maric\u00e1, por meio da Secretaria de Sa\u00fade, concluiu as obras de amplia\u00e7\u00e3o e moderniza\u00e7\u00e3o do setor de Raio-X do Hospital Municipal Conde Modesto Leal, no Centro. O local agora conta com sistema e equipamentos totalmente digitais, otimizando o atendimento \u00e0 popula\u00e7\u00e3o e preservando a sa\u00fade dos funcion\u00e1rios. As melhorias inclu\u00edram tamb\u00e9m a reforma de toda \u00e1rea, substitui\u00e7\u00e3o de dispositivos, adequa\u00e7\u00e3o de espa\u00e7os inoperantes, al\u00e9m da aquisi\u00e7\u00e3o de mobili\u00e1rio e aparelhos de ar condicionado.<\/p>\n\n\n\n<p>As instala\u00e7\u00f5es do setor possuem duas radiografias computadorizadas com tecnologia de ponta, dois aparelhos fixos, quatro port\u00e1teis, dois para uso exclusivo no centro cir\u00fargico, um CDK, assim como equipamento de Raio-X tradicional. No momento, o espa\u00e7o realiza cerca de oito mil exames por m\u00eas e tem capacidade para aumentar esse n\u00famero, atendendo os moradores com mais rapidez, efici\u00eancia e qualidade.<\/p>\n\n\n\n<p>O diretor administrativo do Hospital Conde Modesto Leal, Vinicius Cabral, destacou a import\u00e2ncia das instala\u00e7\u00f5es de Raio-X para a estrutura do local, essenciais para atender com agilidade e capacidade t\u00e9cnica demandas por exames que possam surgir, sempre com seguran\u00e7a para pacientes e profissionais de sa\u00fade.<\/p>\n\n\n\n<p>\u201cO setor tem a atua\u00e7\u00e3o de quatro t\u00e9cnicos, com carga hor\u00e1ria de 24 horas, que v\u00e3o operar novos equipamentos, al\u00e9m de realizar uma supervis\u00e3o di\u00e1ria. As radiografias emitidas pelos aparelhos contam com tecnologia de visualiza\u00e7\u00e3o e est\u00e1 dispon\u00edvel em todos os consult\u00f3rios m\u00e9dicos, facilitando o atendimento oferecido ao paciente. O espa\u00e7o foi preparado para garantir a seguran\u00e7a de todos os usu\u00e1rios e profissionais do hospital, algo de suma import\u00e2ncia, unindo efici\u00eancia e prote\u00e7\u00e3o\u201d, refor\u00e7ou.<\/p>\n\n\n\n<p>A coordenadora do setor, Jord\u00e2nia Borges, afirmou que as obras realizadas no espa\u00e7o otimizaram todo o trabalho, reduzindo os riscos existentes para os profissionais de radiologia.<\/p>\n\n\n\n<p>\u201cA amplia\u00e7\u00e3o e moderniza\u00e7\u00e3o do setor melhorou toda a din\u00e2mica e mobilidade nos servi\u00e7os que executamos diariamente. Antes, trabalh\u00e1vamos com um tipo de pel\u00edcula que necessitava de processamento qu\u00edmico. Agora, tudo \u00e9 digital, algo muito positivo e mais seguro\u201d, comemorou.<\/p>\n\n\n\n<p><strong>Hospital tamb\u00e9m ter\u00e1 um Centro Pedi\u00e1trico<\/strong><\/p>\n\n\n\n<p>O Hospital Conde Modesto Leal contar\u00e1 com um novo Centro Pedi\u00e1trico, que est\u00e1 em fase de readequa\u00e7\u00e3o e tem t\u00e9rmino previsto para o final deste ano. O espa\u00e7o de refer\u00eancia ter\u00e1 tr\u00eas consult\u00f3rios (podendo ser ampliado para quatro) e capacidade para 16 leitos destinados a crian\u00e7as, entre enfermaria, isolamento e estabiliza\u00e7\u00e3o. Com a cria\u00e7\u00e3o do Centro Pedi\u00e1trico, os atendimentos ser\u00e3o otimizados, diminuindo o tempo de espera e contando tamb\u00e9m com maior aptid\u00e3o t\u00e9cnica para acolher os pacientes.<\/p>\n\n\n\n<p>O espa\u00e7o de refer\u00eancia tamb\u00e9m ter\u00e1 \u00e1rea para m\u00e9dicos, sala de medica\u00e7\u00e3o com seis cadeiras e local de recrea\u00e7\u00e3o infantil.<\/p>\n","protected":false},"excerpt":{"rendered":"<p>A Prefeitura de Maric\u00e1, por meio da Secretaria de Sa\u00fade, concluiu as obras de amplia\u00e7\u00e3o e moderniza\u00e7\u00e3o do setor de<\/p>\n","protected":false},"author":1,"featured_media":40772,"comment_status":"open","ping_status":"open","sticky":false,"template":"","format":"standard","meta":{"colormag_page_container_layout":"default_layout","colormag_page_sidebar_layout":"default_layout","footnotes":""},"categories":[18,17],"tags":[],"class_list":["post-40770","post","type-post","status-publish","format-standard","has-post-thumbnail","hentry","category-entretenimento","category-politica"],"amp_enabled":true,"_links":{"self":[{"href":"https:\/\/maricatotal.com.br\/site\/wp-json\/wp\/v2\/posts\/40770","targetHints":{"allow":["GET"]}}],"collection":[{"href":"https:\/\/maricatotal.com.br\/site\/wp-json\/wp\/v2\/posts"}],"about":[{"href":"https:\/\/maricatotal.com.br\/site\/wp-json\/wp\/v2\/types\/post"}],"author":[{"embeddable":true,"href":"https:\/\/maricatotal.com.br\/site\/wp-json\/wp\/v2\/users\/1"}],"replies":[{"embeddable":true,"href":"https:\/\/maricatotal.com.br\/site\/wp-json\/wp\/v2\/comments?post=40770"}],"version-history":[{"count":1,"href":"https:\/\/maricatotal.com.br\/site\/wp-json\/wp\/v2\/posts\/40770\/revisions"}],"predecessor-version":[{"id":40773,"href":"https:\/\/maricatotal.com.br\/site\/wp-json\/wp\/v2\/posts\/40770\/revisions\/40773"}],"wp:featuredmedia":[{"embeddable":true,"href":"https:\/\/maricatotal.com.br\/site\/wp-json\/wp\/v2\/media\/40772"}],"wp:attachment":[{"href":"https:\/\/maricatotal.com.br\/site\/wp-json\/wp\/v2\/media?parent=40770"}],"wp:term":[{"taxonomy":"category","embeddable":true,"href":"https:\/\/maricatotal.com.br\/site\/wp-json\/wp\/v2\/categories?post=40770"},{"taxonomy":"post_tag","embeddable":true,"href":"https:\/\/maricatotal.com.br\/site\/wp-json\/wp\/v2\/tags?post=40770"}],"curies":[{"name":"wp","href":"https:\/\/api.w.org\/{rel}","templated":true}]}}