{"id":41031,"date":"2022-08-07T13:13:51","date_gmt":"2022-08-07T16:13:51","guid":{"rendered":"https:\/\/maricatotal.com.br\/site\/?p=41031"},"modified":"2022-09-09T22:33:55","modified_gmt":"2022-09-10T01:33:55","slug":"feira-de-agricultura-familiar-reune-produtores-e-movimenta-aracatiba","status":"publish","type":"post","link":"https:\/\/maricatotal.com.br\/site\/2022\/08\/07\/feira-de-agricultura-familiar-reune-produtores-e-movimenta-aracatiba\/","title":{"rendered":"Feira de Agricultura Familiar re\u00fane produtores e movimenta Ara\u00e7atiba"},"content":{"rendered":"\n<p>A Prefeitura de Maric\u00e1, por meio da Secretaria de Agricultura, Pecu\u00e1ria e Pesca (SECAPP), promoveu mais uma edi\u00e7\u00e3o da Feira de Agricultura Familiar neste s\u00e1bado (06\/08) na Pra\u00e7a Agroecol\u00f3gica, em Ara\u00e7atiba. O evento contou com a palestra \u201cControle biol\u00f3gico em hortali\u00e7as\u201d \u2013 tema sugerido por moradores \u2013 apresentada pela engenheira agr\u00f4noma Joana Duboc e pela t\u00e9cnica em agroecologia Anna Carvalho.<\/p>\n\n\n\n<p>A engenheira Joana Duboc, 34 anos, comentou sobre a import\u00e2ncia de abordar o tema do controle biol\u00f3gico em hortali\u00e7as.<\/p>\n\n\n\n<p>\u201cA atividade foi escolhida pela popula\u00e7\u00e3o. \u00c9 uma demanda muito importante para conseguirmos construir sistemas sustent\u00e1veis e produtivos para termos um equil\u00edbrio dos insetos, fungos e bact\u00e9rias que n\u00e3o causem danos nas plantas. Hoje estaremos dando dicas, distribuindo mudas e tirando d\u00favidas\u201d, explicou.<\/p>\n\n\n\n<p>O evento reuniu diversos expositores de verduras, legumes, frutas, mel, ovos, p\u00e3es, bolos, massas, biscoitos, bebidas artesanais, doces, salgados, al\u00e9m de produtos da reforma agr\u00e1ria e artesanatos. Al\u00e9m do Caminh\u00e3o de Peixe, que ofereceu \u00e0 popula\u00e7\u00e3o peixe fresco com desconto de 40%, os moradores aproveitaram para comprar xerelete por R$ 13,90 o quilo, corvina por R$ 14, 90, pampo por R$ 15,90 e til\u00e1pia por R$ 13,90 kg.<\/p>\n\n\n\n<p>\u201cHoje estou levando til\u00e1pia, que \u00e9 um peixe super gostoso, fresquinho e bem mais acess\u00edvel no pre\u00e7o. Eu sempre compro no caminh\u00e3o. \u00c9 muito bom!\u201d, comentou Edilaine Ribeiro, 52 anos, moradora de Cordeirinho.<\/p>\n\n\n\n<p><strong>Como participar da feira<\/strong><\/p>\n\n\n\n<p>Os expositores interessados podem entrar em contato com a Secretaria de Agricultura, Pecu\u00e1ria e Pesca por e-mail (agricultura@marica.rj.gov.br) ou pessoalmente na sede (Estrada de Ubatiba, s\/n\u00ba), onde s\u00e3o encaminhados para o setor respons\u00e1vel pela organiza\u00e7\u00e3o da feira. Na ocasi\u00e3o, \u00e9 realizada uma entrevista e agendada uma visita ao produtor. Estando tudo correto e dentro dos padr\u00f5es de qualidade do evento, uma barraca \u00e9 disponibilizada gratuitamente na feira.<\/p>\n","protected":false},"excerpt":{"rendered":"<p>A Prefeitura de Maric\u00e1, por meio da Secretaria de Agricultura, Pecu\u00e1ria e Pesca (SECAPP), promoveu mais uma edi\u00e7\u00e3o da Feira<\/p>\n","protected":false},"author":1,"featured_media":41032,"comment_status":"open","ping_status":"open","sticky":false,"template":"","format":"standard","meta":{"colormag_page_container_layout":"default_layout","colormag_page_sidebar_layout":"default_layout","footnotes":""},"categories":[18],"tags":[],"class_list":["post-41031","post","type-post","status-publish","format-standard","has-post-thumbnail","hentry","category-entretenimento"],"amp_enabled":true,"_links":{"self":[{"href":"https:\/\/maricatotal.com.br\/site\/wp-json\/wp\/v2\/posts\/41031","targetHints":{"allow":["GET"]}}],"collection":[{"href":"https:\/\/maricatotal.com.br\/site\/wp-json\/wp\/v2\/posts"}],"about":[{"href":"https:\/\/maricatotal.com.br\/site\/wp-json\/wp\/v2\/types\/post"}],"author":[{"embeddable":true,"href":"https:\/\/maricatotal.com.br\/site\/wp-json\/wp\/v2\/users\/1"}],"replies":[{"embeddable":true,"href":"https:\/\/maricatotal.com.br\/site\/wp-json\/wp\/v2\/comments?post=41031"}],"version-history":[{"count":1,"href":"https:\/\/maricatotal.com.br\/site\/wp-json\/wp\/v2\/posts\/41031\/revisions"}],"predecessor-version":[{"id":41034,"href":"https:\/\/maricatotal.com.br\/site\/wp-json\/wp\/v2\/posts\/41031\/revisions\/41034"}],"wp:featuredmedia":[{"embeddable":true,"href":"https:\/\/maricatotal.com.br\/site\/wp-json\/wp\/v2\/media\/41032"}],"wp:attachment":[{"href":"https:\/\/maricatotal.com.br\/site\/wp-json\/wp\/v2\/media?parent=41031"}],"wp:term":[{"taxonomy":"category","embeddable":true,"href":"https:\/\/maricatotal.com.br\/site\/wp-json\/wp\/v2\/categories?post=41031"},{"taxonomy":"post_tag","embeddable":true,"href":"https:\/\/maricatotal.com.br\/site\/wp-json\/wp\/v2\/tags?post=41031"}],"curies":[{"name":"wp","href":"https:\/\/api.w.org\/{rel}","templated":true}]}}