{"id":41276,"date":"2022-08-11T07:37:52","date_gmt":"2022-08-11T10:37:52","guid":{"rendered":"https:\/\/maricatotal.com.br\/site\/?p=41276"},"modified":"2022-09-09T22:39:40","modified_gmt":"2022-09-10T01:39:40","slug":"ventania-deixa-varios-bairros-de-marica-sem-luz","status":"publish","type":"post","link":"https:\/\/maricatotal.com.br\/site\/2022\/08\/11\/ventania-deixa-varios-bairros-de-marica-sem-luz\/","title":{"rendered":"Ventania deixa v\u00e1rios bairros de Maric\u00e1 sem luz&nbsp;"},"content":{"rendered":"\n<p>Uma forte ventania deixou v\u00e1rios bairros da cidade de Maric\u00e1 sem luz, na manh\u00e3 desta quinta-feira (11).<\/p>\n\n\n\n<p>De acordo com informa\u00e7\u00f5es, a ventania come\u00e7ou no fim da noite desta quarta, ficando mais forte na madrugada de hoje.&nbsp;<br><\/p>\n\n\n\n<p>Diversos pontos em Itaipua\u00e7u, Ino\u00e3, S\u00e3o Jos\u00e9 do Imbassa\u00ed e Boqueir\u00e3o seguem sem luz. Equipes da Enel j\u00e1 foram acionadas.<\/p>\n\n\n\n<p>A previs\u00e3o do tempo para hoje \u00e9 de sol com muitas nuvens durante o dia. Pode chover a qualquer momento, com a m\u00ednima em 16\u00baC e a m\u00e1xima de 22\u00b0C.<\/p>\n\n\n\n<p>A Defesa Civil de Maric\u00e1 acompanha todas ocorr\u00eancias.&nbsp;<br><\/p>\n\n\n\n<p><\/p>\n\n\n\n<p><\/p>\n\n\n\n<p><\/p>\n\n\n\n<p><\/p>\n\n\n\n<p><\/p>\n\n\n\n<p><\/p>\n\n\n\n<p><\/p>\n","protected":false},"excerpt":{"rendered":"<p>Uma forte ventania deixou v\u00e1rios bairros da cidade de Maric\u00e1 sem luz, na manh\u00e3 desta quinta-feira (11). De acordo com<\/p>\n","protected":false},"author":1,"featured_media":41278,"comment_status":"open","ping_status":"open","sticky":false,"template":"","format":"standard","meta":{"colormag_page_container_layout":"default_layout","colormag_page_sidebar_layout":"default_layout","footnotes":""},"categories":[1],"tags":[],"class_list":["post-41276","post","type-post","status-publish","format-standard","has-post-thumbnail","hentry","category-noticias"],"amp_enabled":true,"_links":{"self":[{"href":"https:\/\/maricatotal.com.br\/site\/wp-json\/wp\/v2\/posts\/41276","targetHints":{"allow":["GET"]}}],"collection":[{"href":"https:\/\/maricatotal.com.br\/site\/wp-json\/wp\/v2\/posts"}],"about":[{"href":"https:\/\/maricatotal.com.br\/site\/wp-json\/wp\/v2\/types\/post"}],"author":[{"embeddable":true,"href":"https:\/\/maricatotal.com.br\/site\/wp-json\/wp\/v2\/users\/1"}],"replies":[{"embeddable":true,"href":"https:\/\/maricatotal.com.br\/site\/wp-json\/wp\/v2\/comments?post=41276"}],"version-history":[{"count":2,"href":"https:\/\/maricatotal.com.br\/site\/wp-json\/wp\/v2\/posts\/41276\/revisions"}],"predecessor-version":[{"id":41281,"href":"https:\/\/maricatotal.com.br\/site\/wp-json\/wp\/v2\/posts\/41276\/revisions\/41281"}],"wp:featuredmedia":[{"embeddable":true,"href":"https:\/\/maricatotal.com.br\/site\/wp-json\/wp\/v2\/media\/41278"}],"wp:attachment":[{"href":"https:\/\/maricatotal.com.br\/site\/wp-json\/wp\/v2\/media?parent=41276"}],"wp:term":[{"taxonomy":"category","embeddable":true,"href":"https:\/\/maricatotal.com.br\/site\/wp-json\/wp\/v2\/categories?post=41276"},{"taxonomy":"post_tag","embeddable":true,"href":"https:\/\/maricatotal.com.br\/site\/wp-json\/wp\/v2\/tags?post=41276"}],"curies":[{"name":"wp","href":"https:\/\/api.w.org\/{rel}","templated":true}]}}