{"id":41335,"date":"2022-08-12T07:59:32","date_gmt":"2022-08-12T10:59:32","guid":{"rendered":"https:\/\/maricatotal.com.br\/site\/?p=41335"},"modified":"2022-09-09T22:40:38","modified_gmt":"2022-09-10T01:40:38","slug":"marica-segue-em-estagio-de-vigilancia","status":"publish","type":"post","link":"https:\/\/maricatotal.com.br\/site\/2022\/08\/12\/marica-segue-em-estagio-de-vigilancia\/","title":{"rendered":"Maric\u00e1 segue em Est\u00e1gio de Vigil\u00e2ncia\u00a0"},"content":{"rendered":"\n<p>A Prefeitura de Maric\u00e1 informa que o munic\u00edpio est\u00e1 em Est\u00e1gio de Vigil\u00e2ncia devido \u00e0 previs\u00e3o de rajadas de vento forte a muito forte at\u00e9 a noite desta quinta-feira (11\/08). Um ciclone extratropical continua posicionado sobre o oceano, na costa do Rio de Janeiro, mantendo o tempo inst\u00e1vel e com ventos no munic\u00edpio.<\/p>\n\n\n\n<p>A Secretaria de Prote\u00e7\u00e3o e Defesa Civil registrou cinco ocorr\u00eancias na cidade at\u00e9 a manh\u00e3 desta quinta-feira, sendo quatro quedas de \u00e1rvores (bairros S\u00e3o Jos\u00e9 do Imbassa\u00ed, Flamengo e Jardim Atl\u00e2ntico) e um caso de destelhamento de uma casa no bairro Bambu\u00ed. A fam\u00edlia receber\u00e1 apoio da Secretaria de Assist\u00eancia Social. Houve ainda a queda de um barranco na praia do Recanto e agentes da Defesa Civil isolaram a \u00e1rea.<\/p>\n\n\n\n<p>Nesta quinta-feira (11\/08), o c\u00e9u ficar\u00e1 nublado a parcialmente nublado, com possibilidade de chuva fraca a moderada, em pontos isolados ao longo do per\u00edodo. A temperatura m\u00ednima \u00e9 de 15\u00b0C e a m\u00e1xima de 21\u00b0C. Na sexta-feira (12\/08) at\u00e9 as 12h de s\u00e1bado (13\/08), a previs\u00e3o \u00e9 de c\u00e9u parcialmente nublado, com poucas nuvens e possibilidade de chuva fraca em pontos isolados. Os ventos ter\u00e3o intensidade fraca a moderada. A temperatura m\u00ednima prevista \u00e9 de 15\u00b0C e a m\u00e1xima de 23\u00b0C.<\/p>\n\n\n\n<p>Segundo a Marinha do Brasil, a previs\u00e3o de ressaca no litoral da cidade vai at\u00e9 at\u00e9 as 21h de sexta-feira (12\/08), com ondas de 2,5 a 4.0 metros de altura.<\/p>\n\n\n\n<p>As equipes da Defesa Civil de Maric\u00e1 est\u00e3o nas ruas atendendo a chamados de ocorr\u00eancias e permanecem de prontid\u00e3o 24h no centro operacional, podendo ser acionadas pelos telefones: 199,&nbsp;<a href=\"tel:2637-1999\">2637-1999<\/a>ou pelo WhatsApp&nbsp;<a href=\"tel:(21) 97000-5782\">(21) 97000-5782<\/a>.<\/p>\n","protected":false},"excerpt":{"rendered":"<p>A Prefeitura de Maric\u00e1 informa que o munic\u00edpio est\u00e1 em Est\u00e1gio de Vigil\u00e2ncia devido \u00e0 previs\u00e3o de rajadas de vento<\/p>\n","protected":false},"author":1,"featured_media":41337,"comment_status":"open","ping_status":"open","sticky":false,"template":"","format":"standard","meta":{"colormag_page_container_layout":"default_layout","colormag_page_sidebar_layout":"default_layout","footnotes":""},"categories":[14],"tags":[],"class_list":["post-41335","post","type-post","status-publish","format-standard","has-post-thumbnail","hentry","category-bairros"],"amp_enabled":true,"_links":{"self":[{"href":"https:\/\/maricatotal.com.br\/site\/wp-json\/wp\/v2\/posts\/41335","targetHints":{"allow":["GET"]}}],"collection":[{"href":"https:\/\/maricatotal.com.br\/site\/wp-json\/wp\/v2\/posts"}],"about":[{"href":"https:\/\/maricatotal.com.br\/site\/wp-json\/wp\/v2\/types\/post"}],"author":[{"embeddable":true,"href":"https:\/\/maricatotal.com.br\/site\/wp-json\/wp\/v2\/users\/1"}],"replies":[{"embeddable":true,"href":"https:\/\/maricatotal.com.br\/site\/wp-json\/wp\/v2\/comments?post=41335"}],"version-history":[{"count":1,"href":"https:\/\/maricatotal.com.br\/site\/wp-json\/wp\/v2\/posts\/41335\/revisions"}],"predecessor-version":[{"id":41338,"href":"https:\/\/maricatotal.com.br\/site\/wp-json\/wp\/v2\/posts\/41335\/revisions\/41338"}],"wp:featuredmedia":[{"embeddable":true,"href":"https:\/\/maricatotal.com.br\/site\/wp-json\/wp\/v2\/media\/41337"}],"wp:attachment":[{"href":"https:\/\/maricatotal.com.br\/site\/wp-json\/wp\/v2\/media?parent=41335"}],"wp:term":[{"taxonomy":"category","embeddable":true,"href":"https:\/\/maricatotal.com.br\/site\/wp-json\/wp\/v2\/categories?post=41335"},{"taxonomy":"post_tag","embeddable":true,"href":"https:\/\/maricatotal.com.br\/site\/wp-json\/wp\/v2\/tags?post=41335"}],"curies":[{"name":"wp","href":"https:\/\/api.w.org\/{rel}","templated":true}]}}