{"id":41396,"date":"2022-08-13T14:14:16","date_gmt":"2022-08-13T17:14:16","guid":{"rendered":"https:\/\/maricatotal.com.br\/site\/?p=41396"},"modified":"2022-09-09T22:41:42","modified_gmt":"2022-09-10T01:41:42","slug":"mumuzinho-se-apresenta-neste-sabado-na-festa-da-padroeira-nossa-senhora-do-amparo","status":"publish","type":"post","link":"https:\/\/maricatotal.com.br\/site\/2022\/08\/13\/mumuzinho-se-apresenta-neste-sabado-na-festa-da-padroeira-nossa-senhora-do-amparo\/","title":{"rendered":"Mumuzinho se apresenta neste s\u00e1bado na Festa da Padroeira Nossa Senhora do Amparo"},"content":{"rendered":"\n<p>O cantor Mumuzinho ir\u00e1 se apresentar no Palco Barra, neste s\u00e1bado (13), \u00e0s 22h, em comemora\u00e7\u00e3o ao Dia da Padroeira Nossa Senhora do Amparo.<\/p>\n\n\n\n<p>A Prefeitura de Maric\u00e1 instalou o palco na Rua Jo\u00e3o Saldanha (antiga Rua 12), na Barra de Maric\u00e1, onde ficou totalmente lotado no show do cantor Thiaguinho.&nbsp;<\/p>\n\n\n\n<p><strong>Veja a programa\u00e7\u00e3o da Festa da Padroeira pra este s\u00e1bado&nbsp;<\/strong><\/p>\n\n\n\n<p><br>18h \u2013 Som mec\u00e2nico<br>19h30min \u2013 Show com a cantora Taiana Fran\u00e7a<br>22h \u2013 show com o cantor Mumuzinho<br>00h \u2013 show com o cantor Jeff<\/p>\n","protected":false},"excerpt":{"rendered":"<p>O cantor Mumuzinho ir\u00e1 se apresentar no Palco Barra, neste s\u00e1bado (13), \u00e0s 22h, em comemora\u00e7\u00e3o ao Dia da Padroeira<\/p>\n","protected":false},"author":1,"featured_media":41398,"comment_status":"open","ping_status":"open","sticky":false,"template":"","format":"standard","meta":{"colormag_page_container_layout":"default_layout","colormag_page_sidebar_layout":"default_layout","footnotes":""},"categories":[18],"tags":[],"class_list":["post-41396","post","type-post","status-publish","format-standard","has-post-thumbnail","hentry","category-entretenimento"],"amp_enabled":true,"_links":{"self":[{"href":"https:\/\/maricatotal.com.br\/site\/wp-json\/wp\/v2\/posts\/41396","targetHints":{"allow":["GET"]}}],"collection":[{"href":"https:\/\/maricatotal.com.br\/site\/wp-json\/wp\/v2\/posts"}],"about":[{"href":"https:\/\/maricatotal.com.br\/site\/wp-json\/wp\/v2\/types\/post"}],"author":[{"embeddable":true,"href":"https:\/\/maricatotal.com.br\/site\/wp-json\/wp\/v2\/users\/1"}],"replies":[{"embeddable":true,"href":"https:\/\/maricatotal.com.br\/site\/wp-json\/wp\/v2\/comments?post=41396"}],"version-history":[{"count":1,"href":"https:\/\/maricatotal.com.br\/site\/wp-json\/wp\/v2\/posts\/41396\/revisions"}],"predecessor-version":[{"id":41399,"href":"https:\/\/maricatotal.com.br\/site\/wp-json\/wp\/v2\/posts\/41396\/revisions\/41399"}],"wp:featuredmedia":[{"embeddable":true,"href":"https:\/\/maricatotal.com.br\/site\/wp-json\/wp\/v2\/media\/41398"}],"wp:attachment":[{"href":"https:\/\/maricatotal.com.br\/site\/wp-json\/wp\/v2\/media?parent=41396"}],"wp:term":[{"taxonomy":"category","embeddable":true,"href":"https:\/\/maricatotal.com.br\/site\/wp-json\/wp\/v2\/categories?post=41396"},{"taxonomy":"post_tag","embeddable":true,"href":"https:\/\/maricatotal.com.br\/site\/wp-json\/wp\/v2\/tags?post=41396"}],"curies":[{"name":"wp","href":"https:\/\/api.w.org\/{rel}","templated":true}]}}