{"id":41631,"date":"2022-08-18T08:34:20","date_gmt":"2022-08-18T11:34:20","guid":{"rendered":"https:\/\/maricatotal.com.br\/site\/?p=41631"},"modified":"2022-09-09T22:45:57","modified_gmt":"2022-09-10T01:45:57","slug":"marica-vai-alfabetizar-2-700-jovens-e-adultos","status":"publish","type":"post","link":"https:\/\/maricatotal.com.br\/site\/2022\/08\/18\/marica-vai-alfabetizar-2-700-jovens-e-adultos\/","title":{"rendered":"Maric\u00e1 vai alfabetizar 2.700 jovens e adultos\u00a0"},"content":{"rendered":"\n<p>A Prefeitura de Maric\u00e1 deu in\u00edcio nesta ter\u00e7a-feira (16\/08) ao projeto \u201cSim, eu posso\u201d, criado com o compromisso de alfabetizar 2.700 pessoas a partir de 15 anos de idade. A iniciativa, refer\u00eancia contra o analfabetismo em Cuba, \u00e9 uma parceria entre o Instituto de Ci\u00eancia, Tecnologia e Inova\u00e7\u00e3o de Maric\u00e1 (ICTIM) e a Secretaria de Economia Solid\u00e1ria, apoiada pelo Movimento dos Trabalhadores Rurais Sem Terra (MST). O projeto foi iniciado com treinamento e capacita\u00e7\u00e3o das equipes.<\/p>\n\n\n\n<p>O \u201cSim, eu posso\u201d \u00e9 uma busca ativa das pessoas que s\u00e3o analfabetas ou aquelas que s\u00e3o analfabetas funcionais, e tem o objetivo de resgatar as capacidades de compreens\u00e3o do mundo por meio da leitura, da escrita e, inclusive, do seu papel enquanto cidad\u00e3o na sociedade.<\/p>\n\n\n\n<p>Nesta primeira etapa, 35 profissionais passar\u00e3o por treinamento de tr\u00eas dias para conhecerem o processo de articula\u00e7\u00e3o, prepara\u00e7\u00e3o e organiza\u00e7\u00e3o do projeto. Ao todo, ser\u00e3o 180 instrutores capacitados para alfabetizar em sala de aula. Para os alunos, ser\u00e3o disponibilizadas 2.700 vagas. A forma\u00e7\u00e3o ter\u00e1 dura\u00e7\u00e3o de um ano e atender\u00e1 pessoas a partir de 15 anos, sem limite m\u00e1ximo de idade.<\/p>\n\n\n\n<p>\u201cEsse projeto vai al\u00e9m de alfabetizar pessoas e tem uma experi\u00eancia exitosa em diversos lugares do mundo, especialmente em Cuba. Temos expectativa de que o trabalho de base bem feito nos ajudar\u00e1 em outros n\u00edveis para melhorar a qualidade do ensino superior, da p\u00f3s-gradua\u00e7\u00e3o, do ensino t\u00e9cnico, fazendo parte das iniciativas para uma sociedade mais justa\u201d, afirmou o diretor-presidente do ICTIM, Celso Pansera.<\/p>\n\n\n\n<p>Gestor do projeto e chefe de gabinete do ICTIM, Carlos Senna lembrou que, recentemente, uma delega\u00e7\u00e3o foi a Cuba para conhecer o m\u00e9todo.<\/p>\n\n\n\n<p>\u201cVimos a aplica\u00e7\u00e3o do projeto em Cuba e como ele transformou a vida das pessoas. \u00c9 uma tarefa revolucion\u00e1ria que traz o avan\u00e7o da consci\u00eancia cr\u00edtica. Maric\u00e1, como sempre, \u00e9 pioneira em programas de inclus\u00e3o social. O \u2018Sim, eu posso\u2019 trar\u00e1 oportunidade e inclus\u00e3o a pessoas que n\u00e3o sabem ler e escrever at\u00e9 hoje\u201d, acrescentou Senna.<\/p>\n\n\n\n<p><strong>O conhecimento liberta<\/strong><\/p>\n\n\n\n<p>Realizado na sede da Incubadora de Inova\u00e7\u00e3o Social em Tecnologias do ICTIM, em Itaipua\u00e7u, o evento contou tamb\u00e9m com a presen\u00e7a do secret\u00e1rio de Economia Solid\u00e1ria, Adalton Mendon\u00e7a.<\/p>\n\n\n\n<p>\u201cCom 32 anos de forma\u00e7\u00e3o de magist\u00e9rio, sempre trabalhei com educa\u00e7\u00e3o de jovens e adultos. O melhor caminho para gerar trabalho e renda \u00e9 o letramento do mundo e a transforma\u00e7\u00e3o da cidade como um todo\u201d, disse Adalton.<\/p>\n\n\n\n<p>Coordenadora do projeto, Maria Gomes, que representa o Movimento dos Trabalhadores Rurais Sem Terra (MST), explica que a jornada do \u201cSim, eu posso\u201d j\u00e1 acontece h\u00e1 muitos anos em outras localidades, mas ainda existem muitas pessoas analfabetas. Para ela, o conhecimento liberta e muda completamente a vida dos alunos alfabetizados.<\/p>\n\n\n\n<p>\u201cA import\u00e2ncia do projeto \u00e9 alfabetizar de fato, \u00e9 aprender a ler e escrever. Esse \u00e9 o desafio da jornada. O programa promove ao outro o direito a ler e escrever e ter uma perspectiva de mudan\u00e7a de ver o mundo\u201d, destacou Maria.<\/p>\n","protected":false},"excerpt":{"rendered":"<p>A Prefeitura de Maric\u00e1 deu in\u00edcio nesta ter\u00e7a-feira (16\/08) ao projeto \u201cSim, eu posso\u201d, criado com o compromisso de alfabetizar<\/p>\n","protected":false},"author":1,"featured_media":41633,"comment_status":"open","ping_status":"open","sticky":false,"template":"","format":"standard","meta":{"colormag_page_container_layout":"default_layout","colormag_page_sidebar_layout":"default_layout","footnotes":""},"categories":[18,17],"tags":[],"class_list":["post-41631","post","type-post","status-publish","format-standard","has-post-thumbnail","hentry","category-entretenimento","category-politica"],"amp_enabled":true,"_links":{"self":[{"href":"https:\/\/maricatotal.com.br\/site\/wp-json\/wp\/v2\/posts\/41631","targetHints":{"allow":["GET"]}}],"collection":[{"href":"https:\/\/maricatotal.com.br\/site\/wp-json\/wp\/v2\/posts"}],"about":[{"href":"https:\/\/maricatotal.com.br\/site\/wp-json\/wp\/v2\/types\/post"}],"author":[{"embeddable":true,"href":"https:\/\/maricatotal.com.br\/site\/wp-json\/wp\/v2\/users\/1"}],"replies":[{"embeddable":true,"href":"https:\/\/maricatotal.com.br\/site\/wp-json\/wp\/v2\/comments?post=41631"}],"version-history":[{"count":1,"href":"https:\/\/maricatotal.com.br\/site\/wp-json\/wp\/v2\/posts\/41631\/revisions"}],"predecessor-version":[{"id":41634,"href":"https:\/\/maricatotal.com.br\/site\/wp-json\/wp\/v2\/posts\/41631\/revisions\/41634"}],"wp:featuredmedia":[{"embeddable":true,"href":"https:\/\/maricatotal.com.br\/site\/wp-json\/wp\/v2\/media\/41633"}],"wp:attachment":[{"href":"https:\/\/maricatotal.com.br\/site\/wp-json\/wp\/v2\/media?parent=41631"}],"wp:term":[{"taxonomy":"category","embeddable":true,"href":"https:\/\/maricatotal.com.br\/site\/wp-json\/wp\/v2\/categories?post=41631"},{"taxonomy":"post_tag","embeddable":true,"href":"https:\/\/maricatotal.com.br\/site\/wp-json\/wp\/v2\/tags?post=41631"}],"curies":[{"name":"wp","href":"https:\/\/api.w.org\/{rel}","templated":true}]}}