{"id":41636,"date":"2022-08-18T08:36:28","date_gmt":"2022-08-18T11:36:28","guid":{"rendered":"https:\/\/maricatotal.com.br\/site\/?p=41636"},"modified":"2022-09-09T22:46:01","modified_gmt":"2022-09-10T01:46:01","slug":"festival-de-frutos-do-mar-vai-movimentar-orla-de-guaratiba-neste-fim-de-semana","status":"publish","type":"post","link":"https:\/\/maricatotal.com.br\/site\/2022\/08\/18\/festival-de-frutos-do-mar-vai-movimentar-orla-de-guaratiba-neste-fim-de-semana\/","title":{"rendered":"Festival de Frutos do Mar vai movimentar orla de Guaratiba neste fim de semana\u00a0"},"content":{"rendered":"\n<p>A Prefeitura de Maric\u00e1, por meio da Secretaria de Promo\u00e7\u00e3o e Projetos Especiais, promove a partir desta sexta-feira (19\/08) a segunda edi\u00e7\u00e3o do Festival de Frutos do Mar, que acontece at\u00e9 domingo (21\/08) na Pra\u00e7a dos Pescadores, que fica na orla de Guaratiba. Al\u00e9m de petiscos e pratos especiais, haver\u00e1 ainda cervejas artesanais produzidas na cidade e oito shows nos tr\u00eas dias de evento, que \u00e9 realizado em parceria com a Secretaria de Turismo e a Companhia de Desenvolvimento de Maric\u00e1 (Codemar).<\/p>\n\n\n\n<p>Os bares e restaurantes que integram o Circuito Gastron\u00f4mico de Maric\u00e1 v\u00e3o receber uma edi\u00e7\u00e3o do festival, entre os dias 26 de agosto e 11 de setembro, que ser\u00e3o divulgados em breve pela Prefeitura. De acordo com o secret\u00e1rio de Promo\u00e7\u00e3o e Projetos Especiais, Jos\u00e9 Alexandre Almeida, a escolha pela abertura em Guaratiba foi uma forma de homenagear a comunidade pesqueira.<\/p>\n\n\n\n<p>\u201cPensamos tamb\u00e9m na ocupa\u00e7\u00e3o das orlas revitalizadas para apresentar esses espa\u00e7os para nossos moradores e visitantes. Este \u00e9 um evento que integra a proposta do projeto Maric\u00e1 2030, de realizarmos eventos geradores de fluxo tur\u00edstico nos meses identificados de baixa temporada, juntamente com o nosso polo cervejeiro e com shows de todos os ritmos\u201d, destacou o secret\u00e1rio.<\/p>\n\n\n\n<p><strong>Programa\u00e7\u00e3o musical:<\/strong><\/p>\n\n\n\n<p><strong>Sexta (19\/8)<\/strong><br>18 horas \u2013 Vitorya Telles<br>21 horas \u2013 Lav\u00ednia Guimar\u00e3es<\/p>\n\n\n\n<p><strong>S\u00e1bado (20\/8)<\/strong><br>15 horas \u2013 Hannah e Lucas<br>18 horas \u2013 Rhoan Victor<br>21 horas \u2013 J\u00f4 Borges<\/p>\n\n\n\n<p><strong>Domingo (21\/8)<\/strong><br>15 horas \u2013 Alexandre Bispo<br>18 horas \u2013 Douglas Kali<br>21 horas \u2013 Trio Esp\u00edrito Santo<\/p>\n","protected":false},"excerpt":{"rendered":"<p>A Prefeitura de Maric\u00e1, por meio da Secretaria de Promo\u00e7\u00e3o e Projetos Especiais, promove a partir desta sexta-feira (19\/08) a<\/p>\n","protected":false},"author":1,"featured_media":41638,"comment_status":"open","ping_status":"open","sticky":false,"template":"","format":"standard","meta":{"colormag_page_container_layout":"default_layout","colormag_page_sidebar_layout":"default_layout","footnotes":""},"categories":[18],"tags":[],"class_list":["post-41636","post","type-post","status-publish","format-standard","has-post-thumbnail","hentry","category-entretenimento"],"amp_enabled":true,"_links":{"self":[{"href":"https:\/\/maricatotal.com.br\/site\/wp-json\/wp\/v2\/posts\/41636","targetHints":{"allow":["GET"]}}],"collection":[{"href":"https:\/\/maricatotal.com.br\/site\/wp-json\/wp\/v2\/posts"}],"about":[{"href":"https:\/\/maricatotal.com.br\/site\/wp-json\/wp\/v2\/types\/post"}],"author":[{"embeddable":true,"href":"https:\/\/maricatotal.com.br\/site\/wp-json\/wp\/v2\/users\/1"}],"replies":[{"embeddable":true,"href":"https:\/\/maricatotal.com.br\/site\/wp-json\/wp\/v2\/comments?post=41636"}],"version-history":[{"count":1,"href":"https:\/\/maricatotal.com.br\/site\/wp-json\/wp\/v2\/posts\/41636\/revisions"}],"predecessor-version":[{"id":41639,"href":"https:\/\/maricatotal.com.br\/site\/wp-json\/wp\/v2\/posts\/41636\/revisions\/41639"}],"wp:featuredmedia":[{"embeddable":true,"href":"https:\/\/maricatotal.com.br\/site\/wp-json\/wp\/v2\/media\/41638"}],"wp:attachment":[{"href":"https:\/\/maricatotal.com.br\/site\/wp-json\/wp\/v2\/media?parent=41636"}],"wp:term":[{"taxonomy":"category","embeddable":true,"href":"https:\/\/maricatotal.com.br\/site\/wp-json\/wp\/v2\/categories?post=41636"},{"taxonomy":"post_tag","embeddable":true,"href":"https:\/\/maricatotal.com.br\/site\/wp-json\/wp\/v2\/tags?post=41636"}],"curies":[{"name":"wp","href":"https:\/\/api.w.org\/{rel}","templated":true}]}}