{"id":41703,"date":"2022-08-19T07:57:51","date_gmt":"2022-08-19T10:57:51","guid":{"rendered":"https:\/\/maricatotal.com.br\/site\/?p=41703"},"modified":"2022-09-09T22:47:28","modified_gmt":"2022-09-10T01:47:28","slug":"morador-de-rua-e-detido-pela-guarda-municipal-apos-agredir-homem-com-golpes-de-martelo-na-cabeca-na-mumbuca","status":"publish","type":"post","link":"https:\/\/maricatotal.com.br\/site\/2022\/08\/19\/morador-de-rua-e-detido-pela-guarda-municipal-apos-agredir-homem-com-golpes-de-martelo-na-cabeca-na-mumbuca\/","title":{"rendered":"Morador de rua \u00e9 detido pela Guarda Municipal ap\u00f3s agredir homem com golpes de martelo na cabe\u00e7a na Mumbuca&nbsp;"},"content":{"rendered":"\n<p>Um morador de rua foi detido pela Guarda Municipal ap\u00f3s agredir um homem com golpes de martelo na cabe\u00e7a, na Rua Marcio Rangel Pereira, na Mumbuca, na noite desta quinta-feira (18).<\/p>\n\n\n\n<p>De acordo com informa\u00e7\u00f5es, ap\u00f3s uma grande discuss\u00e3o, o morador de rua agrediu o homem com diversas marteladas.<\/p>\n\n\n\n<p>Agentes da Guarda Municipal foram acionados para o local e encontraram a v\u00edtima ferida no ch\u00e3o. O homem foi encaminhado para o Hospital Municipal Conde Modesto Leal, onde recebeu os devidos cuidados.<\/p>\n\n\n\n<p>GM\u2019s receberam informa\u00e7\u00f5es das caracter\u00edsticas do agressor e montaram um cerco, onde conseguiram deter o acusado um tempo depois. <\/p>\n\n\n\n<p>O homem foi levado para a 82\u00aa DP (Maric\u00e1), onde o caso foi registrado. <\/p>\n\n\n\n<figure class=\"wp-block-image size-full\"><img loading=\"lazy\" decoding=\"async\" width=\"1024\" height=\"765\" src=\"https:\/\/maricatotal.com.br\/site\/wp-content\/uploads\/2022\/08\/53718872-3691-4977-9134-2BB6F7313DE6.jpeg\" alt=\"\" class=\"wp-image-41733\" srcset=\"https:\/\/maricatotal.com.br\/site\/wp-content\/uploads\/2022\/08\/53718872-3691-4977-9134-2BB6F7313DE6.jpeg 1024w, https:\/\/maricatotal.com.br\/site\/wp-content\/uploads\/2022\/08\/53718872-3691-4977-9134-2BB6F7313DE6-300x224.jpeg 300w, https:\/\/maricatotal.com.br\/site\/wp-content\/uploads\/2022\/08\/53718872-3691-4977-9134-2BB6F7313DE6-768x574.jpeg 768w\" sizes=\"auto, (max-width: 1024px) 100vw, 1024px\" \/><\/figure>\n\n\n\n<p><\/p>\n\n\n\n<p><\/p>\n\n\n\n<p><\/p>\n\n\n\n<p><\/p>\n\n\n\n<p><\/p>\n\n\n\n<p><\/p>\n\n\n\n<p><\/p>\n","protected":false},"excerpt":{"rendered":"<p>Um morador de rua foi detido pela Guarda Municipal ap\u00f3s agredir um homem com golpes de martelo na cabe\u00e7a, na<\/p>\n","protected":false},"author":1,"featured_media":41705,"comment_status":"open","ping_status":"open","sticky":false,"template":"","format":"standard","meta":{"colormag_page_container_layout":"default_layout","colormag_page_sidebar_layout":"default_layout","footnotes":""},"categories":[1],"tags":[],"class_list":["post-41703","post","type-post","status-publish","format-standard","has-post-thumbnail","hentry","category-noticias"],"amp_enabled":true,"_links":{"self":[{"href":"https:\/\/maricatotal.com.br\/site\/wp-json\/wp\/v2\/posts\/41703","targetHints":{"allow":["GET"]}}],"collection":[{"href":"https:\/\/maricatotal.com.br\/site\/wp-json\/wp\/v2\/posts"}],"about":[{"href":"https:\/\/maricatotal.com.br\/site\/wp-json\/wp\/v2\/types\/post"}],"author":[{"embeddable":true,"href":"https:\/\/maricatotal.com.br\/site\/wp-json\/wp\/v2\/users\/1"}],"replies":[{"embeddable":true,"href":"https:\/\/maricatotal.com.br\/site\/wp-json\/wp\/v2\/comments?post=41703"}],"version-history":[{"count":5,"href":"https:\/\/maricatotal.com.br\/site\/wp-json\/wp\/v2\/posts\/41703\/revisions"}],"predecessor-version":[{"id":41735,"href":"https:\/\/maricatotal.com.br\/site\/wp-json\/wp\/v2\/posts\/41703\/revisions\/41735"}],"wp:featuredmedia":[{"embeddable":true,"href":"https:\/\/maricatotal.com.br\/site\/wp-json\/wp\/v2\/media\/41705"}],"wp:attachment":[{"href":"https:\/\/maricatotal.com.br\/site\/wp-json\/wp\/v2\/media?parent=41703"}],"wp:term":[{"taxonomy":"category","embeddable":true,"href":"https:\/\/maricatotal.com.br\/site\/wp-json\/wp\/v2\/categories?post=41703"},{"taxonomy":"post_tag","embeddable":true,"href":"https:\/\/maricatotal.com.br\/site\/wp-json\/wp\/v2\/tags?post=41703"}],"curies":[{"name":"wp","href":"https:\/\/api.w.org\/{rel}","templated":true}]}}