{"id":41714,"date":"2022-08-19T09:27:09","date_gmt":"2022-08-19T12:27:09","guid":{"rendered":"https:\/\/maricatotal.com.br\/site\/?p=41714"},"modified":"2022-09-09T22:47:39","modified_gmt":"2022-09-10T01:47:39","slug":"marica-realiza-dia-d-de-multivacinacao-neste-sabado","status":"publish","type":"post","link":"https:\/\/maricatotal.com.br\/site\/2022\/08\/19\/marica-realiza-dia-d-de-multivacinacao-neste-sabado\/","title":{"rendered":"Maric\u00e1 realiza \u201cDia D\u201d de Multivacina\u00e7\u00e3o neste s\u00e1bado"},"content":{"rendered":"\n<p>A Prefeitura de Maric\u00e1, por meio da Secretaria de Sa\u00fade, promove neste s\u00e1bado (20\/08), das 9h \u00e0s 16h, o \u201cDia D\u201d de Multivacina\u00e7\u00e3o para atualizar a caderneta de crian\u00e7as e adolescentes menores de 15 anos. A imuniza\u00e7\u00e3o acontece em todas as unidades de Sa\u00fade da Fam\u00edlia do munic\u00edpio e ter\u00e1 aplica\u00e7\u00e3o de vacinas contra Poliomielite (paralisia infantil), Tuberculose, Hepatite A, Hepatite B, Sarampo, Catapora, Meningite, Febre Amarela, T\u00e9tano, entre outras. Lembrando que apenas crian\u00e7as de dois meses a menores de cinco anos podem receber a dose contra a Poliomielite.<\/p>\n\n\n\n<p>O \u201cDia D\u201d integra a Campanha Nacional de Multivacina\u00e7\u00e3o que acontecer\u00e1 at\u00e9 o dia 09 de setembro nas USFs da cidade, vacinando o p\u00fablico infantojuvenil de segunda a sexta-feira, das 9h \u00e0s 16h. Nesse per\u00edodo, ser\u00e3o aplicadas todas as vacinas disponibilizadas pelo Sistema \u00danico de Sa\u00fade (SUS) para esse grupo, ampliando a cobertura vacinal do calend\u00e1rio b\u00e1sico previsto no Programa Nacional de Imuniza\u00e7\u00e3o (PNI).<\/p>\n\n\n\n<p>A secret\u00e1ria de Sa\u00fade, Solange Oliveira, destacou o papel fundamental da mobiliza\u00e7\u00e3o nacional. Ela enfatizou, tamb\u00e9m, a import\u00e2ncia da participa\u00e7\u00e3o de pais e respons\u00e1veis que devem levar crian\u00e7as e adolescentes com menos de 15 anos aos postos para regularizar a situa\u00e7\u00e3o vacinal e fortalecer a imuniza\u00e7\u00e3o deste grupo.<\/p>\n\n\n\n<p>\u201cO Dia D \u00e9 o momento de maior mobiliza\u00e7\u00e3o da Campanha Nacional de Multivacina\u00e7\u00e3o e oferece a oportunidade para crian\u00e7as e adolescentes atualizarem a caderneta de vacina\u00e7\u00e3o nas nossas unidades de sa\u00fade em um s\u00e1bado. O Brasil \u00e9 refer\u00eancia em imuniza\u00e7\u00e3o e devemos manter esse marco, ampliando a prote\u00e7\u00e3o contra diversas doen\u00e7as que atingem pessoas com menos de 15 anos, principalmente a paralisia infantil, a meningite e a catapora\u201d, explicou a secret\u00e1ria.<\/p>\n\n\n\n<p><strong>Endere\u00e7os das Unidades de Sa\u00fade da Fam\u00edlia<\/strong><br>Atendimento de segunda a sexta-feira, das 9h \u00e0s 16h<\/p>\n\n\n\n<p>\u2013 USF Barroco: Rua Get\u00falio Vargas (antiga Rua 2), lote 13, quadra 4, casa 2, Itaipua\u00e7u.<br>\u2013 USF Central: Rua Cl\u00edmaco Pereira, 241, Centro.<br>\u2013 USF Bairro da Amizade: Rua 53, Lt 31, Qd 91.<br>\u2013 USF Bambu\u00ed: Av. do Contorno, s\/n.<br>\u2013 USF Barra: Rua 04, Lt 03, Qd 0, Barra de Maric\u00e1.<br>\u2013 USF Espraiado: Rua Gualberto Batista de Macedo, s\/n\u00ba.<br>\u2013 USF Guaratiba: Est. Beira da Lagoa, s\/n\u00ba.<br>\u2013 USF Ino\u00e3 I: Rua Caio Figueiredo, s\/n\u00ba (Travessa CIEP).<br>\u2013 USF Ino\u00e3 II: Rodovia Amaral Peixoto, km 14, s\/n\u00ba, (ao lado do DPO).<br>\u2013 USF Mumbuca: Rua Hip\u00f3lito de Abreu Rangel, s\/n\u00ba<br>\u2013 USF Marinel\u00e2ndia: Rua Nove, Quadra 15, Cordeirinho.<br>\u2013 USF Ponta Negra: Rua Alceb\u00edades Teodoro Pereira, s\/n\u00ba.<br>\u2013 USF Ponta Grossa: Rua Irineu Ferreira Pinto, s\/n\u00ba.<br>\u2013 USF Retiro: Estrada do Retiro, s\/n\u00ba.<br>\u2013 USF Recanto: Rua Dirceu Fernandes Pinto, 215.<br>\u2013 USF Santa Paula: Estrada de Cassorotiba, s\/n\u00ba.<br>\u2013 USF Ubatiba: Av. Niter\u00f3i, s\/n\u00ba.<br>\u2013 USF Ch\u00e1cara de Ino\u00e3: Rodovia Amaral Peixoto, km 16. (ao lado do Polo Mania), Ino\u00e3.<br>\u2013 USF S\u00e3o Jos\u00e9 I: Rua Isaac Lannes da Silva, s\/n\u00ba.<br>\u2013 USF Jardim Atl\u00e2ntico: Rua 36, lote 01, quadra 206, Itaipua\u00e7u.<br>\u2013 USF Santa Rita: Rua Ant\u00f4nio Marques Mathias, s\/n\u00ba.<br>\u2013 USF S\u00e3o Jos\u00e9 II: Estrada da Cachoeira, s\/n\u00ba.<br>\u2013 USF Carlos Marighella: Rua \u00c1ustria, s\/n\u00ba.<\/p>\n","protected":false},"excerpt":{"rendered":"<p>A Prefeitura de Maric\u00e1, por meio da Secretaria de Sa\u00fade, promove neste s\u00e1bado (20\/08), das 9h \u00e0s 16h, o \u201cDia<\/p>\n","protected":false},"author":1,"featured_media":41716,"comment_status":"open","ping_status":"open","sticky":false,"template":"","format":"standard","meta":{"colormag_page_container_layout":"default_layout","colormag_page_sidebar_layout":"default_layout","footnotes":""},"categories":[18],"tags":[],"class_list":["post-41714","post","type-post","status-publish","format-standard","has-post-thumbnail","hentry","category-entretenimento"],"amp_enabled":true,"_links":{"self":[{"href":"https:\/\/maricatotal.com.br\/site\/wp-json\/wp\/v2\/posts\/41714","targetHints":{"allow":["GET"]}}],"collection":[{"href":"https:\/\/maricatotal.com.br\/site\/wp-json\/wp\/v2\/posts"}],"about":[{"href":"https:\/\/maricatotal.com.br\/site\/wp-json\/wp\/v2\/types\/post"}],"author":[{"embeddable":true,"href":"https:\/\/maricatotal.com.br\/site\/wp-json\/wp\/v2\/users\/1"}],"replies":[{"embeddable":true,"href":"https:\/\/maricatotal.com.br\/site\/wp-json\/wp\/v2\/comments?post=41714"}],"version-history":[{"count":1,"href":"https:\/\/maricatotal.com.br\/site\/wp-json\/wp\/v2\/posts\/41714\/revisions"}],"predecessor-version":[{"id":41717,"href":"https:\/\/maricatotal.com.br\/site\/wp-json\/wp\/v2\/posts\/41714\/revisions\/41717"}],"wp:featuredmedia":[{"embeddable":true,"href":"https:\/\/maricatotal.com.br\/site\/wp-json\/wp\/v2\/media\/41716"}],"wp:attachment":[{"href":"https:\/\/maricatotal.com.br\/site\/wp-json\/wp\/v2\/media?parent=41714"}],"wp:term":[{"taxonomy":"category","embeddable":true,"href":"https:\/\/maricatotal.com.br\/site\/wp-json\/wp\/v2\/categories?post=41714"},{"taxonomy":"post_tag","embeddable":true,"href":"https:\/\/maricatotal.com.br\/site\/wp-json\/wp\/v2\/tags?post=41714"}],"curies":[{"name":"wp","href":"https:\/\/api.w.org\/{rel}","templated":true}]}}