{"id":4172,"date":"2019-10-23T08:26:10","date_gmt":"2019-10-23T11:26:10","guid":{"rendered":"http:\/\/maricatotal.com.br\/site\/?p=4172"},"modified":"2019-10-23T08:26:12","modified_gmt":"2019-10-23T11:26:12","slug":"curso-de-beleza-gratuito-abre-portas-para-realizacao-profissional-dos-inscritos","status":"publish","type":"post","link":"https:\/\/maricatotal.com.br\/site\/2019\/10\/23\/curso-de-beleza-gratuito-abre-portas-para-realizacao-profissional-dos-inscritos\/","title":{"rendered":"CURSO DE BELEZA GRATUITO ABRE PORTAS PARA REALIZA\u00c7\u00c3O PROFISSIONAL DOS INSCRITOS"},"content":{"rendered":"\n<figure class=\"wp-block-image\"><img loading=\"lazy\" decoding=\"async\" width=\"1024\" height=\"768\" src=\"http:\/\/maricatotal.com.br\/site\/wp-content\/uploads\/2019\/10\/5BAFD911-30AB-40CD-B5D7-612731CE9FD2-1024x768.jpeg\" alt=\"\" class=\"wp-image-4173\" srcset=\"https:\/\/maricatotal.com.br\/site\/wp-content\/uploads\/2019\/10\/5BAFD911-30AB-40CD-B5D7-612731CE9FD2-1024x768.jpeg 1024w, https:\/\/maricatotal.com.br\/site\/wp-content\/uploads\/2019\/10\/5BAFD911-30AB-40CD-B5D7-612731CE9FD2-300x225.jpeg 300w, https:\/\/maricatotal.com.br\/site\/wp-content\/uploads\/2019\/10\/5BAFD911-30AB-40CD-B5D7-612731CE9FD2-768x576.jpeg 768w, https:\/\/maricatotal.com.br\/site\/wp-content\/uploads\/2019\/10\/5BAFD911-30AB-40CD-B5D7-612731CE9FD2.jpeg 1067w\" sizes=\"auto, (max-width: 1024px) 100vw, 1024px\" \/><\/figure>\n\n\n\n<p>\u201cVejo que essa \u00e1rea da beleza \u00e9 pr\u00f3spera. Tamb\u00e9m quero complementar a renda junto ao est\u00e1gio. Al\u00e9m do mais, posso trabalhar por conta pr\u00f3pria\u201d, projetou a estudante de Psicologia, Aline Ara\u00fajo de Freitas, de 26 anos, que se inscreveu no curso de manicure e pedicure e j\u00e1 concluiu o curso de Operador de Computador pelo Programa de Qualifica\u00e7\u00e3o Profissional.<\/p>\n\n\n\n<p>A declara\u00e7\u00e3o, que mostra a enorme receptividade ao programa de qualifica\u00e7\u00e3o profissional da Prefeitura, foi dada nesta ter\u00e7a-feira (22\/10) durante a inscri\u00e7\u00e3o para os tr\u00eas cursos oferecidos pelo programa da Secretaria de Trabalho em parceria com o Servi\u00e7o Nacional de Aprendizagem Comercial (Senac).<\/p>\n\n\n\n<p>No interior da carreta-escola do Senac, estacionada no Polo de Ino\u00e3, ser\u00e3o oferecidos os cursos de T\u00e9cnicas de cabeleireiro, manicure e pedicure e Design de Sobrancelhas. As aulas ser\u00e3o ministradas de 3\u00aa a 6\u00aa feira no polo situado na Rodovia Amaral Peixoto (RJ-106), Lote 3, quadra 5, Ino\u00e3.<\/p>\n\n\n\n<p>A carreta com cerca de 14 metros, refrigerada, \u00e9 equipada com cadeiras de cabeleireiro, cadeiras de manicure (conhecidas como cirandinhas), autoclave (aparelho para esterilizar os utens\u00edlios de manicure e pedicure), al\u00e9m de bebedouro e dep\u00f3sito para guardar o material utilizado no curso.<\/p>\n\n\n\n<p>Acompanhando de perto as inscri\u00e7\u00f5es, o secret\u00e1rio da pasta, Frank Costa, se surpreendeu com a demanda. \u201cO resultado \u00e9 positivo. D\u00e1 para ver como as pessoas est\u00e3o buscando se qualificar na cidade\u201d, frisou o secret\u00e1rio, apontando para os interessados que estavam na fila.<\/p>\n\n\n\n<p>Sem trabalhar h\u00e1 tr\u00eas meses, Dayana Vogado, de 31 anos, n\u00e3o perdeu a chance de tentar voltar ao mercado de trabalho e se inscreveu no curso de cabeleireiro. \u201cEspero me profissionalizar para trabalhar na \u00e1rea, pois \u00e9 um plano meu de futuro. Eu sempre quis fazer, s\u00f3 n\u00e3o tive a oportunidade\u201d, relatou Dayana, que j\u00e1 concluiu pelo programa o curso de Assistente Administrativo e Gest\u00e3o de Neg\u00f3cios.<\/p>\n\n\n\n<p>Trabalhando por conta pr\u00f3pria, Patr\u00edcia Noronha, de 35 anos, observou uma movimenta\u00e7\u00e3o no polo e foi verificar do que se tratava. \u201cVim apenas me informar. Quando soube o que era, fui correndo em casa buscar os documentos necess\u00e1rios para me inscrever no curso de Design de Sobrancelhas\u201d, contou a moradora do mesmo bairro, que foi matriculada no curso de design de sobrancelhas.<\/p>\n\n\n\n<p>Professora do Ensino Infantil, Jociane Cardoso, de 28 anos, pretende fazer o curso de manicure e pedicure para se aperfei\u00e7oar na profiss\u00e3o. \u201cJ\u00e1 fa\u00e7o unha em casa e quero aprimorar. Ter um certificado \u00e9 melhor\u201d, disse. \u201cAcho esse programa muito bom, pois d\u00e1 oportunidade de a pessoa estudar e conseguir um emprego\u201d, frisou.<\/p>\n\n\n\n<p>A previs\u00e3o para o in\u00edcio do curso de T\u00e9cnicas B\u00e1sicas de Cabeleireiro, que ser\u00e1 ministrado no turno da tarde, \u00e9 no dia 29\/10, com um total de 100 horas de dura\u00e7\u00e3o. O de manicure e pedicure, lecionado nos per\u00edodos da manh\u00e3 e da tarde, tem previs\u00e3o para iniciar no dia 31\/10, com um total de 100h. J\u00e1 o de Design de Sobrancelhas tem dura\u00e7\u00e3o de 20h e est\u00e1 previsto para come\u00e7ar tamb\u00e9m no dia 29\/10, com turmas no turno da manh\u00e3. Ao todo foram 98 inscri\u00e7\u00f5es efetuadas.<\/p>\n","protected":false},"excerpt":{"rendered":"<p>\u201cVejo que essa \u00e1rea da beleza \u00e9 pr\u00f3spera. Tamb\u00e9m quero complementar a renda junto ao est\u00e1gio. Al\u00e9m do mais, posso<\/p>\n","protected":false},"author":1,"featured_media":0,"comment_status":"open","ping_status":"open","sticky":false,"template":"","format":"standard","meta":{"colormag_page_container_layout":"default_layout","colormag_page_sidebar_layout":"default_layout","footnotes":""},"categories":[18],"tags":[],"class_list":["post-4172","post","type-post","status-publish","format-standard","hentry","category-entretenimento"],"amp_enabled":true,"_links":{"self":[{"href":"https:\/\/maricatotal.com.br\/site\/wp-json\/wp\/v2\/posts\/4172","targetHints":{"allow":["GET"]}}],"collection":[{"href":"https:\/\/maricatotal.com.br\/site\/wp-json\/wp\/v2\/posts"}],"about":[{"href":"https:\/\/maricatotal.com.br\/site\/wp-json\/wp\/v2\/types\/post"}],"author":[{"embeddable":true,"href":"https:\/\/maricatotal.com.br\/site\/wp-json\/wp\/v2\/users\/1"}],"replies":[{"embeddable":true,"href":"https:\/\/maricatotal.com.br\/site\/wp-json\/wp\/v2\/comments?post=4172"}],"version-history":[{"count":0,"href":"https:\/\/maricatotal.com.br\/site\/wp-json\/wp\/v2\/posts\/4172\/revisions"}],"wp:attachment":[{"href":"https:\/\/maricatotal.com.br\/site\/wp-json\/wp\/v2\/media?parent=4172"}],"wp:term":[{"taxonomy":"category","embeddable":true,"href":"https:\/\/maricatotal.com.br\/site\/wp-json\/wp\/v2\/categories?post=4172"},{"taxonomy":"post_tag","embeddable":true,"href":"https:\/\/maricatotal.com.br\/site\/wp-json\/wp\/v2\/tags?post=4172"}],"curies":[{"name":"wp","href":"https:\/\/api.w.org\/{rel}","templated":true}]}}