{"id":4175,"date":"2019-10-23T08:28:48","date_gmt":"2019-10-23T11:28:48","guid":{"rendered":"http:\/\/maricatotal.com.br\/site\/?p=4175"},"modified":"2019-10-23T08:28:50","modified_gmt":"2019-10-23T11:28:50","slug":"assistencia-social-apoia-conferencia-sobre-drogas-dias-06-e-07-11","status":"publish","type":"post","link":"https:\/\/maricatotal.com.br\/site\/2019\/10\/23\/assistencia-social-apoia-conferencia-sobre-drogas-dias-06-e-07-11\/","title":{"rendered":"ASSIST\u00caNCIA SOCIAL APOIA CONFER\u00caNCIA SOBRE DROGAS DIAS 06 E 07\/11"},"content":{"rendered":"\n<figure class=\"wp-block-image\"><img loading=\"lazy\" decoding=\"async\" width=\"682\" height=\"1024\" src=\"http:\/\/maricatotal.com.br\/site\/wp-content\/uploads\/2019\/10\/4EAEB099-0347-4020-96C3-EFE1968946D3-682x1024.jpeg\" alt=\"\" class=\"wp-image-4176\" srcset=\"https:\/\/maricatotal.com.br\/site\/wp-content\/uploads\/2019\/10\/4EAEB099-0347-4020-96C3-EFE1968946D3-682x1024.jpeg 682w, https:\/\/maricatotal.com.br\/site\/wp-content\/uploads\/2019\/10\/4EAEB099-0347-4020-96C3-EFE1968946D3-200x300.jpeg 200w, https:\/\/maricatotal.com.br\/site\/wp-content\/uploads\/2019\/10\/4EAEB099-0347-4020-96C3-EFE1968946D3-768x1152.jpeg 768w, https:\/\/maricatotal.com.br\/site\/wp-content\/uploads\/2019\/10\/4EAEB099-0347-4020-96C3-EFE1968946D3.jpeg 853w\" sizes=\"auto, (max-width: 682px) 100vw, 682px\" \/><\/figure>\n\n\n\n<p>O Conselho Municipal de Enfrentamento \u00e0 Depend\u00eancia Qu\u00edmica e ao uso Abusivo de \u00c1lcool e outras Drogas de Maric\u00e1 (Comad), com apoio da Secretaria de Assist\u00eancia Social, realizar\u00e1, na quarta-feira (06\/11) e quinta-feira (07\/11), das 8h \u00e0s 17h, a \u201cV Confer\u00eancia Municipal de Pol\u00edticas P\u00fablicas sobre Drogas\u201d.&nbsp;<\/p>\n\n\n\n<p>O evento acontecer\u00e1 no CAIC Elomir Silva, em S\u00e3o Jos\u00e9 do Imbassa\u00ed, com o tema \u201cA import\u00e2ncia da participa\u00e7\u00e3o popular na constru\u00e7\u00e3o das pol\u00edticas p\u00fablicas sobre drogas nos bairros de Maric\u00e1\u201d.<\/p>\n\n\n\n<p>Palestras, programa\u00e7\u00f5es culturais, delibera\u00e7\u00f5es, atividades e reinser\u00e7\u00e3o social far\u00e3o parte&nbsp;da confer\u00eancia. Em seguida \u00e0s palestras, ser\u00e3o formados grupos de trabalhos para&nbsp;debates e conclus\u00f5es sobre os eixos \u201cParticipa\u00e7\u00e3o Popular\u201d e \u201cIntersetorialidade\u201d.&nbsp;<\/p>\n\n\n\n<p>Logo ap\u00f3s, ser\u00e3o formuladas propostas de pol\u00edticas p\u00fablicas, que&nbsp;ser\u00e3o&nbsp;votadas em uma plen\u00e1ria com os participantes.<\/p>\n\n\n\n<p>Na programa\u00e7\u00e3o, est\u00e1 prevista a elei\u00e7\u00e3o dos conselheiros, representantes da sociedade civil no Comad, \u00f3rg\u00e3o que tem orienta\u00e7\u00e3o do governo federal e que coordena, desenvolve e estimula atividades de preven\u00e7\u00e3o, tratamento e reinser\u00e7\u00e3o social de atendidos com maior participa\u00e7\u00e3o dos movimentos comunit\u00e1rios.&nbsp;<\/p>\n\n\n\n<p>O Conselho \u00e9 formado por 14 representantes do Executivo e 14 representantes da sociedade civil, escolhidos pela popula\u00e7\u00e3o maricaense e \u00f3rg\u00e3os n\u00e3o governamentais.<\/p>\n","protected":false},"excerpt":{"rendered":"<p>O Conselho Municipal de Enfrentamento \u00e0 Depend\u00eancia Qu\u00edmica e ao uso Abusivo de \u00c1lcool e outras Drogas de Maric\u00e1 (Comad),<\/p>\n","protected":false},"author":1,"featured_media":0,"comment_status":"open","ping_status":"open","sticky":false,"template":"","format":"standard","meta":{"colormag_page_container_layout":"default_layout","colormag_page_sidebar_layout":"default_layout","footnotes":""},"categories":[18],"tags":[],"class_list":["post-4175","post","type-post","status-publish","format-standard","hentry","category-entretenimento"],"amp_enabled":true,"_links":{"self":[{"href":"https:\/\/maricatotal.com.br\/site\/wp-json\/wp\/v2\/posts\/4175","targetHints":{"allow":["GET"]}}],"collection":[{"href":"https:\/\/maricatotal.com.br\/site\/wp-json\/wp\/v2\/posts"}],"about":[{"href":"https:\/\/maricatotal.com.br\/site\/wp-json\/wp\/v2\/types\/post"}],"author":[{"embeddable":true,"href":"https:\/\/maricatotal.com.br\/site\/wp-json\/wp\/v2\/users\/1"}],"replies":[{"embeddable":true,"href":"https:\/\/maricatotal.com.br\/site\/wp-json\/wp\/v2\/comments?post=4175"}],"version-history":[{"count":0,"href":"https:\/\/maricatotal.com.br\/site\/wp-json\/wp\/v2\/posts\/4175\/revisions"}],"wp:attachment":[{"href":"https:\/\/maricatotal.com.br\/site\/wp-json\/wp\/v2\/media?parent=4175"}],"wp:term":[{"taxonomy":"category","embeddable":true,"href":"https:\/\/maricatotal.com.br\/site\/wp-json\/wp\/v2\/categories?post=4175"},{"taxonomy":"post_tag","embeddable":true,"href":"https:\/\/maricatotal.com.br\/site\/wp-json\/wp\/v2\/tags?post=4175"}],"curies":[{"name":"wp","href":"https:\/\/api.w.org\/{rel}","templated":true}]}}