{"id":41783,"date":"2022-08-20T08:51:23","date_gmt":"2022-08-20T11:51:23","guid":{"rendered":"https:\/\/maricatotal.com.br\/site\/?p=41783"},"modified":"2022-09-09T22:49:00","modified_gmt":"2022-09-10T01:49:00","slug":"primeiro-dia-do-marica-musical-leva-publico-ao-delirio","status":"publish","type":"post","link":"https:\/\/maricatotal.com.br\/site\/2022\/08\/20\/primeiro-dia-do-marica-musical-leva-publico-ao-delirio\/","title":{"rendered":"Primeiro dia do Maric\u00e1 Musical leva p\u00fablico ao del\u00edrio"},"content":{"rendered":"\n<p>A Prefeitura de Maric\u00e1, por meio da Secretaria de Cultura, promoveu na quinta-feira (18\/08) a primeira noite da terceira edi\u00e7\u00e3o do Maric\u00e1 Musical na Pra\u00e7a Orlando Barros de Pimentel, no Centro. O evento gratuito atraiu moradores e visitantes para os shows da Banda Cult, Rog\u00e9rio Costa e Banda, Objeto Direto, Rosi Braga e Banda, Ideias Fluintes e Vizinhos De Marte. Ao todo, 38 apresenta\u00e7\u00f5es est\u00e3o previstas nos dois fins de semana de evento, nos dias 20, 25, 26 e 28.<\/p>\n\n\n\n<p>\u201cEst\u00e1 sendo uma alegria muito grande participar dessa edi\u00e7\u00e3o. Agrade\u00e7o todos os envolvidos. Sou morador h\u00e1 mais de 30 anos do munic\u00edpio e essa participa\u00e7\u00e3o representa muito para mim. Esse evento gera renda e divulga\u00e7\u00e3o para os artistas e trabalhadores da m\u00fasica em Maric\u00e1\u201d comentou o m\u00fasico Rog\u00e9rio Costa.<\/p>\n\n\n\n<p>Para Lucas Roberto, 27 anos, o evento revela cantores no munic\u00edpio. \u201cEu sempre acompanho esses shows e me surpreendo! Temos v\u00e1rios eventos maneiros no munic\u00edpio, como a roda do RuaSia e os encontros. \u00c9 bom ver uma cidade que pensa em cultura, valoriza a qualidade e d\u00e1 dimens\u00e3o aos talentos da m\u00fasica\u201d, disse.<\/p>\n\n\n\n<p>A programa\u00e7\u00e3o continua nesta sexta-feira (19\/08), \u00e0s 19 horas, com Guta Menezes, seguido por Quinteto Nossa Bossa, Laranjeiras, Simone Lial e Marvio Ciribelli. No s\u00e1bado, o evento inicia \u00e0s 19h com Pablo Ferrer, Dj Marcos Coyo, Grupo Negros &amp; Vozes, Junior Villarreal, Dj Marcos Coyo e finaliza com a banda Izabel Salles e Zhambezzi Blues. Durante os dois fins de semana est\u00e3o confirmadas as atra\u00e7\u00f5es de diversos g\u00eaneros musicais, como rock, jazz, blues, rap, samba e MPB, interpretados por diversos artistas da cidade, bandas e convidados.<\/p>\n\n\n\n<p>O Maric\u00e1 Musical j\u00e1 contemplou 77 bandas e contribuiu para gera\u00e7\u00e3o de renda e divulga\u00e7\u00e3o de 380 artistas e trabalhadores da m\u00fasica em Maric\u00e1.<\/p>\n\n\n\n<p><strong>Programa\u00e7\u00e3o Completa:<\/strong><\/p>\n\n\n\n<p>S\u00e1bado (20\/08)<br>19h \u2013 Pablo Ferrer<br>19h40 \u2013 Dj Marcos Coyo<br>20h \u2013 Grupo Negros &amp; Vozes<br>21h \u2013 Junior Villarreal<br>21h40 \u2013 Dj Marcos Coyo<br>22h \u2013 Izabel Salles E Zhambezzi Blues<\/p>\n\n\n\n<p>Quinta-feira (25\/08)<br>19h40- Dj Johran<br>20h- Roberta Tilio E Banda<br>20h50- Banda Rj 106<br>21h40- Lalinha<br>22h10- Dj Johran<br>22h30- Roller Coasters<br>23h20- Ricardo Pop E Banda Que Mistura \u00c9 Essa<br>00h10- Thunderock<\/p>\n\n\n\n<p>Sexta-feira (26\/08)<br>19h \u2013 Souvenirs<br>19h40 \u2013 Dj Alex Pim<br>20h \u2013 Thiago Dantas<br>21h \u2013 Leandro Junnhyor<br>19h40 \u2013 Dj Alex Pim<br>22h \u2013 Leandro Brunno<br>23h \u2013 Canacaiana<\/p>\n\n\n\n<p>S\u00e1bado (27\/08)<br>20h \u2013 Edu 70 E Grupo Roda De Samba Do Guerreiro<br>20h40 \u2013 DJ Marcio Albuquerque<br>21h- Samba Em Fam\u00edlia<br>22h Lina Bastos E Banda<br>22h40 DJ Marcio Albuquerque<br>23h- J\u00f4 Borges<\/p>\n\n\n\n<p>Domingo (28\/08)<br>19h- Guta Menezes<br>20h- Quinteto Nossa Bossa<br>21h- Laranjeiras<br>22h- Simone Lial<br>23h- Marvio Ciribelli<\/p>\n\n\n\n<p><strong>Servi\u00e7o:<\/strong><br>3\u00aa edi\u00e7\u00e3o do Maric\u00e1 Musical<br>Dias: 20, 25, 26, 27 e 28 de agosto<br>Local: Pra\u00e7a Orlando de Barros Pimentel, no Centro<\/p>\n","protected":false},"excerpt":{"rendered":"<p>A Prefeitura de Maric\u00e1, por meio da Secretaria de Cultura, promoveu na quinta-feira (18\/08) a primeira noite da terceira edi\u00e7\u00e3o<\/p>\n","protected":false},"author":1,"featured_media":41785,"comment_status":"open","ping_status":"open","sticky":false,"template":"","format":"standard","meta":{"colormag_page_container_layout":"default_layout","colormag_page_sidebar_layout":"default_layout","footnotes":""},"categories":[18],"tags":[],"class_list":["post-41783","post","type-post","status-publish","format-standard","has-post-thumbnail","hentry","category-entretenimento"],"amp_enabled":true,"_links":{"self":[{"href":"https:\/\/maricatotal.com.br\/site\/wp-json\/wp\/v2\/posts\/41783","targetHints":{"allow":["GET"]}}],"collection":[{"href":"https:\/\/maricatotal.com.br\/site\/wp-json\/wp\/v2\/posts"}],"about":[{"href":"https:\/\/maricatotal.com.br\/site\/wp-json\/wp\/v2\/types\/post"}],"author":[{"embeddable":true,"href":"https:\/\/maricatotal.com.br\/site\/wp-json\/wp\/v2\/users\/1"}],"replies":[{"embeddable":true,"href":"https:\/\/maricatotal.com.br\/site\/wp-json\/wp\/v2\/comments?post=41783"}],"version-history":[{"count":1,"href":"https:\/\/maricatotal.com.br\/site\/wp-json\/wp\/v2\/posts\/41783\/revisions"}],"predecessor-version":[{"id":41786,"href":"https:\/\/maricatotal.com.br\/site\/wp-json\/wp\/v2\/posts\/41783\/revisions\/41786"}],"wp:featuredmedia":[{"embeddable":true,"href":"https:\/\/maricatotal.com.br\/site\/wp-json\/wp\/v2\/media\/41785"}],"wp:attachment":[{"href":"https:\/\/maricatotal.com.br\/site\/wp-json\/wp\/v2\/media?parent=41783"}],"wp:term":[{"taxonomy":"category","embeddable":true,"href":"https:\/\/maricatotal.com.br\/site\/wp-json\/wp\/v2\/categories?post=41783"},{"taxonomy":"post_tag","embeddable":true,"href":"https:\/\/maricatotal.com.br\/site\/wp-json\/wp\/v2\/tags?post=41783"}],"curies":[{"name":"wp","href":"https:\/\/api.w.org\/{rel}","templated":true}]}}