{"id":41817,"date":"2022-08-21T11:35:44","date_gmt":"2022-08-21T14:35:44","guid":{"rendered":"https:\/\/maricatotal.com.br\/site\/?p=41817"},"modified":"2022-09-09T22:50:15","modified_gmt":"2022-09-10T01:50:15","slug":"guarda-vidas-de-marica-passam-por-capacitacao-em-salvamento-aquatico","status":"publish","type":"post","link":"https:\/\/maricatotal.com.br\/site\/2022\/08\/21\/guarda-vidas-de-marica-passam-por-capacitacao-em-salvamento-aquatico\/","title":{"rendered":"Guarda-vidas de Maric\u00e1 passam por capacita\u00e7\u00e3o em salvamento aqu\u00e1tico"},"content":{"rendered":"\n<p>Guarda-vidas da Secretaria de Prote\u00e7\u00e3o e Defesa Civil de Maric\u00e1 participaram neste s\u00e1bado (20\/08) de curso de capacita\u00e7\u00e3o promovido pela Sociedade Brasileira de Salvamento Aqu\u00e1tico (Sobrasa), na Escola Municipal Reginaldo Domingues dos Santos, em Ponta Negra.<\/p>\n\n\n\n<p>O treinamento com atualiza\u00e7\u00e3o de t\u00e9cnicas de salvamento aqu\u00e1tico reuniu cerca de 100 guarda-vidas, entre eles 72 que atuam na cidade e novos agentes da Defesa Civil, que se preparam para iniciar o trabalhar no munic\u00edpio, al\u00e9m de profissionais de B\u00fazios, Saquarema e Niter\u00f3i.<\/p>\n\n\n\n<p>\u201cEu achei de extrema import\u00e2ncia a atua\u00e7\u00e3o com foco na preven\u00e7\u00e3o nas praias. O simples fato de voc\u00ea fazer uma preven\u00e7\u00e3o j\u00e1 ajuda a salvar uma vida e evita o risco de afogamento. \u00c9 muito importante, al\u00e9m de ser uma atualiza\u00e7\u00e3o do protocolo de atendimento\u201d, disse Lucas Potter Gon\u00e7alves, 27 anos, novo guarda-vidas da Defesa Civil de Maric\u00e1.<\/p>\n\n\n\n<p>Para o agente de Defesa Civil e instrutor da Sobrasa, Rodrigo Cooperman, \u00e9 essencial que capacita\u00e7\u00f5es como essa sejam realizados com frequ\u00eancia.<\/p>\n\n\n\n<p>\u201cA pr\u00e1tica ajuda a maximizar seus conhecimentos e minimizar os erros. O guarda-vidas fica com muita adrenalina na execu\u00e7\u00e3o de um socorro e ter essa rotina de treinos facilita a atua\u00e7\u00e3o em uma situa\u00e7\u00e3o real de afogamento\u201d, explicou.<\/p>\n\n\n\n<p><strong>M\u00e9dico e instrutor parabeniza a cidade<\/strong><\/p>\n\n\n\n<p>Fundador da Sobrasa, o m\u00e9dico David Szpilman foi o respons\u00e1vel por todo o aprendizado relacionado \u00e0s medidas de preven\u00e7\u00e3o de afogamentos; reconhecimento da v\u00edtima; aux\u00edlio, remo\u00e7\u00e3o e suporte b\u00e1sico da vida. O profissional fez quest\u00e3o de parabenizar a cidade e seus governantes, sempre preocupados em oferecer seguran\u00e7a a moradores e visitantes.<\/p>\n\n\n\n<p>\u201c\u00c9 super importante a presen\u00e7a desse profissional e Maric\u00e1 est\u00e1 com um grupo super bem treinado, investindo em mais guarda-vidas e na seguran\u00e7a. Isso reflete diretamente na qualidade do turismo. Eu s\u00f3 tenho que parabenizar Maric\u00e1 pelo investimento, por seus profissionais e por pensar na seguran\u00e7a de moradores e de quem vem visitar a cidade\u201d, declarou o especialista.<\/p>\n\n\n\n<p>De acordo com a Sobrasa, 16 brasileiros morrem afogados diariamente no Brasil. Afogamento \u00e9 a primeira causa de \u00f3bito de um a quatro anos de idade, a segunda de cinco a nove e a terceira de 10 a 19 anos de idade. A estimativa \u00e9 de que de 50 a 60% das pessoas que se afogam nas praias teriam morrido sem a presen\u00e7a dos guarda-vidas.<\/p>\n","protected":false},"excerpt":{"rendered":"<p>Guarda-vidas da Secretaria de Prote\u00e7\u00e3o e Defesa Civil de Maric\u00e1 participaram neste s\u00e1bado (20\/08) de curso de capacita\u00e7\u00e3o promovido pela<\/p>\n","protected":false},"author":1,"featured_media":41818,"comment_status":"open","ping_status":"open","sticky":false,"template":"","format":"standard","meta":{"colormag_page_container_layout":"default_layout","colormag_page_sidebar_layout":"default_layout","footnotes":""},"categories":[18],"tags":[],"class_list":["post-41817","post","type-post","status-publish","format-standard","has-post-thumbnail","hentry","category-entretenimento"],"amp_enabled":true,"_links":{"self":[{"href":"https:\/\/maricatotal.com.br\/site\/wp-json\/wp\/v2\/posts\/41817","targetHints":{"allow":["GET"]}}],"collection":[{"href":"https:\/\/maricatotal.com.br\/site\/wp-json\/wp\/v2\/posts"}],"about":[{"href":"https:\/\/maricatotal.com.br\/site\/wp-json\/wp\/v2\/types\/post"}],"author":[{"embeddable":true,"href":"https:\/\/maricatotal.com.br\/site\/wp-json\/wp\/v2\/users\/1"}],"replies":[{"embeddable":true,"href":"https:\/\/maricatotal.com.br\/site\/wp-json\/wp\/v2\/comments?post=41817"}],"version-history":[{"count":1,"href":"https:\/\/maricatotal.com.br\/site\/wp-json\/wp\/v2\/posts\/41817\/revisions"}],"predecessor-version":[{"id":41819,"href":"https:\/\/maricatotal.com.br\/site\/wp-json\/wp\/v2\/posts\/41817\/revisions\/41819"}],"wp:featuredmedia":[{"embeddable":true,"href":"https:\/\/maricatotal.com.br\/site\/wp-json\/wp\/v2\/media\/41818"}],"wp:attachment":[{"href":"https:\/\/maricatotal.com.br\/site\/wp-json\/wp\/v2\/media?parent=41817"}],"wp:term":[{"taxonomy":"category","embeddable":true,"href":"https:\/\/maricatotal.com.br\/site\/wp-json\/wp\/v2\/categories?post=41817"},{"taxonomy":"post_tag","embeddable":true,"href":"https:\/\/maricatotal.com.br\/site\/wp-json\/wp\/v2\/tags?post=41817"}],"curies":[{"name":"wp","href":"https:\/\/api.w.org\/{rel}","templated":true}]}}