{"id":41825,"date":"2022-08-21T11:39:37","date_gmt":"2022-08-21T14:39:37","guid":{"rendered":"https:\/\/maricatotal.com.br\/site\/?p=41825"},"modified":"2022-09-09T22:50:21","modified_gmt":"2022-09-10T01:50:21","slug":"3o-marica-musical-reune-centenas-de-moradores-e-visitantes-no-centro","status":"publish","type":"post","link":"https:\/\/maricatotal.com.br\/site\/2022\/08\/21\/3o-marica-musical-reune-centenas-de-moradores-e-visitantes-no-centro\/","title":{"rendered":"3\u00ba Maric\u00e1 Musical re\u00fane centenas de moradores e visitantes no Centro"},"content":{"rendered":"\n<p><br>A segunda noite do Maric\u00e1 Musical reuniu no s\u00e1bado (20\/08) centenas de moradores e visitantes para assistir aos shows dos cantores Pablo Ferrer e Junior Villarreal, grupo Negros &amp; Vozes, Izabel Salles e Zhambezzi Blues, al\u00e9m do DJ Marcos Coyo, na Pra\u00e7a Orlando de Barros Pimentel, no Centro.<\/p>\n\n\n\n<p>Produzido pela Secretaria de Cultura, a 3\u00aa edi\u00e7\u00e3o do Maric\u00e1 Musical vai at\u00e9 o dia 28 de agosto e j\u00e1 contemplou o total de 77 bandas, gerando renda e divulga\u00e7\u00e3o para 380 artistas e trabalhadores da m\u00fasica em Maric\u00e1.<\/p>\n\n\n\n<p>\u201c\u00c9 muito gratificante ver que as pessoas est\u00e3o felizes e se divertindo com o som que eu estou colocando. Isso me deixa muito satisfeito, pois sei que estou fazendo um bom trabalho. \u00c9 muito bom poder fazer parte de um projeto como esse, que d\u00e1 a oportunidade dos artistas da cidade mostrarem a arte deles. Isso \u00e9 a prova de que o nosso trabalho est\u00e1 sendo valorizado e tendo oportunidade de mostrar o nosso trabalho, disse o DJ Coyo.<\/p>\n\n\n\n<p>O evento continua na pr\u00f3xima quinta-feira (25\/08) com artistas locais e convidados apresentando diversos g\u00eaneros musicais preferidos, como rock, jazz, blues, rap, samba e MPB.<\/p>\n\n\n\n<p><strong>Programa\u00e7\u00e3o<\/strong><\/p>\n\n\n\n<p>Quinta-feira (25\/08)<br>19h40- Dj Johran<br>20h- Roberta Tilio E Banda<br>20h50- Banda Rj 106<br>21h40- Lalinha<br>22h10- Dj Johran<br>22h30- Roller Coasters<br>23h20- Ricardo Pop E Banda Que Mistura \u00c9 Essa<br>00h10- Thunderock<\/p>\n\n\n\n<p>Sexta-feira (26\/08)<br>19h \u2013 Souvenirs<br>19h40 \u2013 Dj Alex Pim<br>20h \u2013 Thiago Dantas<br>21h \u2013 Leandro Junnhyor<br>19h40 \u2013 Dj Alex Pim<br>22h \u2013 Leandro Brunno<br>23h \u2013 Canacaiana<\/p>\n\n\n\n<p>S\u00e1bado (27\/08)<br>20h \u2013 Edu 70 E Grupo Roda De Samba Do Guerreiro<br>20h40 \u2013 DJ Marcio Albuquerque<br>21h- Samba Em Fam\u00edlia<br>22h Lina Bastos E Banda<br>22h40 DJ Marcio Albuquerque<br>23h- J\u00f4 Borges<\/p>\n\n\n\n<p>Domingo (28\/08)<br>19h- Guta Menezes<br>20h- Quinteto Nossa Bossa<br>21h- Laranjeiras<br>22h- Simone Lial<br>23h- Marvio Ciribelli<\/p>\n","protected":false},"excerpt":{"rendered":"<p>A segunda noite do Maric\u00e1 Musical reuniu no s\u00e1bado (20\/08) centenas de moradores e visitantes para assistir aos shows dos<\/p>\n","protected":false},"author":1,"featured_media":41827,"comment_status":"open","ping_status":"open","sticky":false,"template":"","format":"standard","meta":{"colormag_page_container_layout":"default_layout","colormag_page_sidebar_layout":"default_layout","footnotes":""},"categories":[18],"tags":[],"class_list":["post-41825","post","type-post","status-publish","format-standard","has-post-thumbnail","hentry","category-entretenimento"],"amp_enabled":true,"_links":{"self":[{"href":"https:\/\/maricatotal.com.br\/site\/wp-json\/wp\/v2\/posts\/41825","targetHints":{"allow":["GET"]}}],"collection":[{"href":"https:\/\/maricatotal.com.br\/site\/wp-json\/wp\/v2\/posts"}],"about":[{"href":"https:\/\/maricatotal.com.br\/site\/wp-json\/wp\/v2\/types\/post"}],"author":[{"embeddable":true,"href":"https:\/\/maricatotal.com.br\/site\/wp-json\/wp\/v2\/users\/1"}],"replies":[{"embeddable":true,"href":"https:\/\/maricatotal.com.br\/site\/wp-json\/wp\/v2\/comments?post=41825"}],"version-history":[{"count":1,"href":"https:\/\/maricatotal.com.br\/site\/wp-json\/wp\/v2\/posts\/41825\/revisions"}],"predecessor-version":[{"id":41828,"href":"https:\/\/maricatotal.com.br\/site\/wp-json\/wp\/v2\/posts\/41825\/revisions\/41828"}],"wp:featuredmedia":[{"embeddable":true,"href":"https:\/\/maricatotal.com.br\/site\/wp-json\/wp\/v2\/media\/41827"}],"wp:attachment":[{"href":"https:\/\/maricatotal.com.br\/site\/wp-json\/wp\/v2\/media?parent=41825"}],"wp:term":[{"taxonomy":"category","embeddable":true,"href":"https:\/\/maricatotal.com.br\/site\/wp-json\/wp\/v2\/categories?post=41825"},{"taxonomy":"post_tag","embeddable":true,"href":"https:\/\/maricatotal.com.br\/site\/wp-json\/wp\/v2\/tags?post=41825"}],"curies":[{"name":"wp","href":"https:\/\/api.w.org\/{rel}","templated":true}]}}