{"id":41928,"date":"2022-08-24T08:50:45","date_gmt":"2022-08-24T11:50:45","guid":{"rendered":"https:\/\/maricatotal.com.br\/site\/?p=41928"},"modified":"2022-09-09T22:53:13","modified_gmt":"2022-09-10T01:53:13","slug":"prefeitura-celebra-o-agosto-dourado-na-escola-municipalizada-de-inoa","status":"publish","type":"post","link":"https:\/\/maricatotal.com.br\/site\/2022\/08\/24\/prefeitura-celebra-o-agosto-dourado-na-escola-municipalizada-de-inoa\/","title":{"rendered":"Prefeitura celebra o Agosto Dourado na Escola Municipalizada de Ino\u00e3"},"content":{"rendered":"\n<p>A Prefeitura de Maric\u00e1, por meio da Secretaria de Sa\u00fade, celebrou nesta segunda-feira (22\/08) o Agosto Dourado, m\u00eas de promo\u00e7\u00e3o e apoio ao aleitamento materno, na Escola Municipalizada de Ino\u00e3. A a\u00e7\u00e3o aproximou gestantes e pu\u00e9rperas atendidas nas Unidades de Sa\u00fade da Fam\u00edlia (USF) do terceiro distrito da cidade, al\u00e9m de integrar ainda mais os profissionais das unidades ao dia a dia dessas mulheres.<\/p>\n\n\n\n<p>A atividade contou com rodas de conversa sobre temas ligados \u00e0 amamenta\u00e7\u00e3o, esclarecimentos sobre mitos e verdades relacionados \u00e0 gravidez, espa\u00e7o sensorial, ensaio fotogr\u00e1fico, \u00e1rea voltada \u00e0 beleza feminina, alongamento, massagem e sorteio de brindes.<\/p>\n\n\n\n<p>Aline Moraes, coordenadora t\u00e9cnica da Sa\u00fade da Crian\u00e7a e do Adolescente de Maric\u00e1, foi uma das organizadoras do evento e destacou o papel do evento para unir os trabalhadores das USF em prol do aleitamento materno, conscientizando a popula\u00e7\u00e3o da regi\u00e3o.<\/p>\n\n\n\n<p>\u201cEssa a\u00e7\u00e3o \u00e9 fruto da mobiliza\u00e7\u00e3o dos profissionais das unidades de sa\u00fade, que se conectaram para construir esse encontro lindo e t\u00e3o importante. Ver as mulheres atendidas nas USF presentes \u00e9 maravilhoso, onde elas podem receber orienta\u00e7\u00f5es e acolhimento relacionados \u00e0 amamenta\u00e7\u00e3o, tema trabalhado durante todo o ano. Com isso, elas conseguem colocar em pr\u00e1tica todo o aprendizado, al\u00e9m de receber cuidados essenciais voltados \u00e0 beleza e ao simbolismo da gravidez\u201d, ressaltou.<\/p>\n\n\n\n<p><strong>Participantes se unem em defesa do aleitamento materno<\/strong><\/p>\n\n\n\n<p>A atividade em celebra\u00e7\u00e3o ao Agosto Dourado reuniu dezenas de pessoas em Ino\u00e3, mostrando que a luta pela amamenta\u00e7\u00e3o exclusiva at\u00e9 os seis meses do beb\u00ea ganha cada vez mais for\u00e7a. Uma das presentes foi Michele Vasconcelos, de 33 anos, cadastrada na USF do condom\u00ednio Carlos Alberto Soares de Freitas (MCMV de Ino\u00e3). Ela elogiou a celebra\u00e7\u00e3o \u00e0 data e afirmou que o tema \u00e9 trabalhado com frequ\u00eancia na unidade em que \u00e9 acolhida.<\/p>\n\n\n\n<p>\u201c\u00c9 bem bacana poder participar desse evento e gostei demais do ensaio fotogr\u00e1fico. Aprendemos bastante sobre o aleitamento materno nos atendimentos e poder mostrar isso \u00e9 muito importante, tanto para a nossa vida como gestante, como tamb\u00e9m para as crian\u00e7as. Estou gr\u00e1vida de 6 meses, esperando o Miguel, e tenho mais tr\u00eas filhos que s\u00e3o acompanhados pela unidade, sempre com um trabalho maravilhoso\u201d<\/p>\n\n\n\n<p>Jana\u00edna Gra\u00e7a \u00e9 moradora de Santa Paula e est\u00e1 gr\u00e1vida h\u00e1 4 meses. A gestante aprovou a atividade, afirmando que ajuda na conscientiza\u00e7\u00e3o e nos cuidados com a sa\u00fade.<\/p>\n\n\n\n<p>\u201cGostei bastante de participar dessa a\u00e7\u00e3o. \u00c9 a primeira vez que vim a uma atividade voltada ao Agosto Dourado como gestante e vejo que \u00e9 de suma import\u00e2ncia para as mulheres, principalmente por incentivar o aleitamento materno. O que mais aproveitei no evento foi a massagem,&nbsp; algo que nos ajuda a relaxar em meio ao stress do dia a dia\u201d, acrescentou.<\/p>\n\n\n\n<p><strong>Profissionais do Hospital Conde Modesto Leal tamb\u00e9m se mobilizam<\/strong><\/p>\n\n\n\n<p>Nesta segunda-feira (22), ocorreu uma a\u00e7\u00e3o de est\u00edmulo \u00e0 amamenta\u00e7\u00e3o na Base Descentralizada do Servi\u00e7o de Atendimento M\u00f3vel de Urg\u00eancia (SAMU) de Maric\u00e1, no Centro. A atividade foi promovida por profissionais da maternidade do Hospital Conde Modesto Leal e reuniu trabalhadoras gestantes e pacientes que aguardam para a realiza\u00e7\u00e3o do parto na unidade hospitalar.<\/p>\n\n\n\n<p>Durante o encontro, foram organizadas rodas de conversas interativas, destacando os benef\u00edcios da amamenta\u00e7\u00e3o para as mam\u00e3es e beb\u00eas, como o fortalecimento do v\u00ednculo afetivo e melhorias \u00e0 sa\u00fade. Al\u00e9m disso, foram esclarecidos mitos e&nbsp; verdades sobre o tema.<\/p>\n","protected":false},"excerpt":{"rendered":"<p>A Prefeitura de Maric\u00e1, por meio da Secretaria de Sa\u00fade, celebrou nesta segunda-feira (22\/08) o Agosto Dourado, m\u00eas de promo\u00e7\u00e3o<\/p>\n","protected":false},"author":1,"featured_media":41930,"comment_status":"open","ping_status":"open","sticky":false,"template":"","format":"standard","meta":{"colormag_page_container_layout":"default_layout","colormag_page_sidebar_layout":"default_layout","footnotes":""},"categories":[18],"tags":[],"class_list":["post-41928","post","type-post","status-publish","format-standard","has-post-thumbnail","hentry","category-entretenimento"],"amp_enabled":true,"_links":{"self":[{"href":"https:\/\/maricatotal.com.br\/site\/wp-json\/wp\/v2\/posts\/41928","targetHints":{"allow":["GET"]}}],"collection":[{"href":"https:\/\/maricatotal.com.br\/site\/wp-json\/wp\/v2\/posts"}],"about":[{"href":"https:\/\/maricatotal.com.br\/site\/wp-json\/wp\/v2\/types\/post"}],"author":[{"embeddable":true,"href":"https:\/\/maricatotal.com.br\/site\/wp-json\/wp\/v2\/users\/1"}],"replies":[{"embeddable":true,"href":"https:\/\/maricatotal.com.br\/site\/wp-json\/wp\/v2\/comments?post=41928"}],"version-history":[{"count":1,"href":"https:\/\/maricatotal.com.br\/site\/wp-json\/wp\/v2\/posts\/41928\/revisions"}],"predecessor-version":[{"id":41931,"href":"https:\/\/maricatotal.com.br\/site\/wp-json\/wp\/v2\/posts\/41928\/revisions\/41931"}],"wp:featuredmedia":[{"embeddable":true,"href":"https:\/\/maricatotal.com.br\/site\/wp-json\/wp\/v2\/media\/41930"}],"wp:attachment":[{"href":"https:\/\/maricatotal.com.br\/site\/wp-json\/wp\/v2\/media?parent=41928"}],"wp:term":[{"taxonomy":"category","embeddable":true,"href":"https:\/\/maricatotal.com.br\/site\/wp-json\/wp\/v2\/categories?post=41928"},{"taxonomy":"post_tag","embeddable":true,"href":"https:\/\/maricatotal.com.br\/site\/wp-json\/wp\/v2\/tags?post=41928"}],"curies":[{"name":"wp","href":"https:\/\/api.w.org\/{rel}","templated":true}]}}