{"id":42349,"date":"2022-09-05T15:33:07","date_gmt":"2022-09-05T18:33:07","guid":{"rendered":"https:\/\/maricatotal.com.br\/site\/?p=42349"},"modified":"2022-09-09T23:07:12","modified_gmt":"2022-09-10T02:07:12","slug":"chefe-do-trafico-do-risca-faca-e-preso-em-itaipuacu","status":"publish","type":"post","link":"https:\/\/maricatotal.com.br\/site\/2022\/09\/05\/chefe-do-trafico-do-risca-faca-e-preso-em-itaipuacu\/","title":{"rendered":"Chefe do tr\u00e1fico do Risca Faca \u00e9 preso em Itaipua\u00e7u&nbsp;"},"content":{"rendered":"\n<p>Policiais da 75\u00aa DP prenderam Ciclone, chefe do tr\u00e1fico de drogas da Comunidade do Risca Faca, em Ino\u00e3, no bairro de Itaipua\u00e7u, na manh\u00e3 desta segunda-feira (05).<\/p>\n\n\n\n<p>De acordo com informa\u00e7\u00f5es do setor de intelig\u00eancia da Pol\u00edcia Civil, o traficante dormia semanalmente na casa de uma das namoradas no bairro vizinho.&nbsp;<\/p>\n\n\n\n<p>Agentes seguiram at\u00e9 o endere\u00e7o e surpreenderam o criminoso, que tentou fugir, mas foi captura. Com ele foi apreendida uma pistola.<\/p>\n\n\n\n<p>O homem foi encaminhado \u00e0 unidade policial, e logo em seguida, ser\u00e1 levado para o sistema prisional.&nbsp;<\/p>\n","protected":false},"excerpt":{"rendered":"<p>Policiais da 75\u00aa DP prenderam Ciclone, chefe do tr\u00e1fico de drogas da Comunidade do Risca Faca, em Ino\u00e3, no bairro<\/p>\n","protected":false},"author":1,"featured_media":42350,"comment_status":"open","ping_status":"open","sticky":false,"template":"","format":"standard","meta":{"colormag_page_container_layout":"default_layout","colormag_page_sidebar_layout":"default_layout","footnotes":""},"categories":[1],"tags":[],"class_list":["post-42349","post","type-post","status-publish","format-standard","has-post-thumbnail","hentry","category-noticias"],"amp_enabled":true,"_links":{"self":[{"href":"https:\/\/maricatotal.com.br\/site\/wp-json\/wp\/v2\/posts\/42349","targetHints":{"allow":["GET"]}}],"collection":[{"href":"https:\/\/maricatotal.com.br\/site\/wp-json\/wp\/v2\/posts"}],"about":[{"href":"https:\/\/maricatotal.com.br\/site\/wp-json\/wp\/v2\/types\/post"}],"author":[{"embeddable":true,"href":"https:\/\/maricatotal.com.br\/site\/wp-json\/wp\/v2\/users\/1"}],"replies":[{"embeddable":true,"href":"https:\/\/maricatotal.com.br\/site\/wp-json\/wp\/v2\/comments?post=42349"}],"version-history":[{"count":2,"href":"https:\/\/maricatotal.com.br\/site\/wp-json\/wp\/v2\/posts\/42349\/revisions"}],"predecessor-version":[{"id":42353,"href":"https:\/\/maricatotal.com.br\/site\/wp-json\/wp\/v2\/posts\/42349\/revisions\/42353"}],"wp:featuredmedia":[{"embeddable":true,"href":"https:\/\/maricatotal.com.br\/site\/wp-json\/wp\/v2\/media\/42350"}],"wp:attachment":[{"href":"https:\/\/maricatotal.com.br\/site\/wp-json\/wp\/v2\/media?parent=42349"}],"wp:term":[{"taxonomy":"category","embeddable":true,"href":"https:\/\/maricatotal.com.br\/site\/wp-json\/wp\/v2\/categories?post=42349"},{"taxonomy":"post_tag","embeddable":true,"href":"https:\/\/maricatotal.com.br\/site\/wp-json\/wp\/v2\/tags?post=42349"}],"curies":[{"name":"wp","href":"https:\/\/api.w.org\/{rel}","templated":true}]}}