{"id":42409,"date":"2022-09-06T16:35:50","date_gmt":"2022-09-06T19:35:50","guid":{"rendered":"https:\/\/maricatotal.com.br\/site\/?p=42409"},"modified":"2022-09-09T23:07:55","modified_gmt":"2022-09-10T02:07:55","slug":"feriado-sem-previsao-de-chuva-em-marica","status":"publish","type":"post","link":"https:\/\/maricatotal.com.br\/site\/2022\/09\/06\/feriado-sem-previsao-de-chuva-em-marica\/","title":{"rendered":"Feriado sem previs\u00e3o de chuva em Maric\u00e1"},"content":{"rendered":"\n<p>A Prefeitura de Maric\u00e1, por meio da Secretaria de Prote\u00e7\u00e3o e Defesa Civil, informa que n\u00e3o h\u00e1 previs\u00e3o de chuva at\u00e9 quinta-feira (08\/09) devido \u00e0 atua\u00e7\u00e3o de um sistema de alta press\u00e3o que mant\u00e9m o tempo est\u00e1vel no munic\u00edpio.<\/p>\n\n\n\n<p>Nesta ter\u00e7a-feira (06\/09) e na quarta-feira (07\/09), o c\u00e9u se manter\u00e1 parcialmente nublado e com poucas nuvens. Os ventos ter\u00e3o intensidade moderada na maior parte do per\u00edodo com previs\u00e3o de rajadas mais intensas e a temperatura m\u00ednima prevista \u00e9 de 15\u00b0C e a m\u00e1xima de 24\u00b0C.<\/p>\n\n\n\n<p>Na quinta-feira (08\/09), o c\u00e9u se manter\u00e1 claro ou com poucas nuvens e os ventos com intensidade fraca a moderada. H\u00e1 previs\u00e3o de rajadas mais intensas e a temperatura m\u00ednima prevista \u00e9 de 16\u00b0C e a m\u00e1xima de 27\u00b0C.<\/p>\n\n\n\n<p>As equipes da Defesa Civil permanecem de prontid\u00e3o 24 horas no centro operacional e podem ser acionadas pelos telefones 199,&nbsp;<a href=\"tel:2637-1999\">2637-1999<\/a>&nbsp;ou pelo WhatsApp&nbsp;<a href=\"tel:(21) 97000-5782\">(21) 97000-5782<\/a>.<\/p>\n","protected":false},"excerpt":{"rendered":"<p>A Prefeitura de Maric\u00e1, por meio da Secretaria de Prote\u00e7\u00e3o e Defesa Civil, informa que n\u00e3o h\u00e1 previs\u00e3o de chuva<\/p>\n","protected":false},"author":1,"featured_media":42411,"comment_status":"open","ping_status":"open","sticky":false,"template":"","format":"standard","meta":{"colormag_page_container_layout":"default_layout","colormag_page_sidebar_layout":"default_layout","footnotes":""},"categories":[14],"tags":[],"class_list":["post-42409","post","type-post","status-publish","format-standard","has-post-thumbnail","hentry","category-bairros"],"amp_enabled":true,"_links":{"self":[{"href":"https:\/\/maricatotal.com.br\/site\/wp-json\/wp\/v2\/posts\/42409","targetHints":{"allow":["GET"]}}],"collection":[{"href":"https:\/\/maricatotal.com.br\/site\/wp-json\/wp\/v2\/posts"}],"about":[{"href":"https:\/\/maricatotal.com.br\/site\/wp-json\/wp\/v2\/types\/post"}],"author":[{"embeddable":true,"href":"https:\/\/maricatotal.com.br\/site\/wp-json\/wp\/v2\/users\/1"}],"replies":[{"embeddable":true,"href":"https:\/\/maricatotal.com.br\/site\/wp-json\/wp\/v2\/comments?post=42409"}],"version-history":[{"count":1,"href":"https:\/\/maricatotal.com.br\/site\/wp-json\/wp\/v2\/posts\/42409\/revisions"}],"predecessor-version":[{"id":42412,"href":"https:\/\/maricatotal.com.br\/site\/wp-json\/wp\/v2\/posts\/42409\/revisions\/42412"}],"wp:featuredmedia":[{"embeddable":true,"href":"https:\/\/maricatotal.com.br\/site\/wp-json\/wp\/v2\/media\/42411"}],"wp:attachment":[{"href":"https:\/\/maricatotal.com.br\/site\/wp-json\/wp\/v2\/media?parent=42409"}],"wp:term":[{"taxonomy":"category","embeddable":true,"href":"https:\/\/maricatotal.com.br\/site\/wp-json\/wp\/v2\/categories?post=42409"},{"taxonomy":"post_tag","embeddable":true,"href":"https:\/\/maricatotal.com.br\/site\/wp-json\/wp\/v2\/tags?post=42409"}],"curies":[{"name":"wp","href":"https:\/\/api.w.org\/{rel}","templated":true}]}}