{"id":42420,"date":"2022-09-07T10:46:43","date_gmt":"2022-09-07T13:46:43","guid":{"rendered":"https:\/\/maricatotal.com.br\/site\/?p=42420"},"modified":"2022-09-09T23:08:01","modified_gmt":"2022-09-10T02:08:01","slug":"guarda-municipal-de-marica-tem-novo-comandante-2","status":"publish","type":"post","link":"https:\/\/maricatotal.com.br\/site\/2022\/09\/07\/guarda-municipal-de-marica-tem-novo-comandante-2\/","title":{"rendered":"Guarda Municipal de Maric\u00e1 tem novo comandante\u00a0"},"content":{"rendered":"\n<p>A Prefeitura de Maric\u00e1, por meio da Secretaria de Ordem P\u00fablica e Gabinete Institucional (Seop), realizou na \u00faltima sexta-feira (02\/09) a cerim\u00f4nia de posse de Ricardo Vianna Batista, 46 anos, como novo comandante da Guarda Municipal. O servidor assumiu o cargo no lugar de Jean Medeiros, que estava \u00e0 frente da corpora\u00e7\u00e3o desde outubro de 2021. O evento aconteceu na sede da institui\u00e7\u00e3o, em Ara\u00e7atiba.<\/p>\n\n\n\n<p>Secret\u00e1rio de Ordem P\u00fablica e Gest\u00e3o de Gabinete Institucional, Julio Veras, destacou que as mudan\u00e7as no comando da Guarda s\u00e3o naturais e feitas para que novas diretrizes possam ser adequadas em rela\u00e7\u00e3o \u00e0 gest\u00e3o.<\/p>\n\n\n\n<p>\u201cO comandante que saiu continua fazendo parte da equipe da equipe e vai atuar no Ciosp dando andamento na amplia\u00e7\u00e3o da tecnologia das c\u00e2meras do munic\u00edpio. O novo comandante est\u00e1 vindo justamente de l\u00e1, ent\u00e3o ele tamb\u00e9m tem essa expertise e \u00e9 muito capacitado para dar continuidade ao trabalho que o comando do Jean fez t\u00e3o brilhantemente. N\u00f3s trocamos as posi\u00e7\u00f5es, mas todos continuam no time principal, tocando as demandas da ordem p\u00fablica\u201d, declarou Veras.<\/p>\n\n\n\n<p>Vianna assume com a miss\u00e3o de continuar o trabalho de crescimento da Guarda Municipal e continuar com a presta\u00e7\u00e3o de um servi\u00e7o de excel\u00eancia sendo refer\u00eancia para munic\u00edpios vizinhos.<\/p>\n\n\n\n<p>\u201cEu assumo essa nova fun\u00e7\u00e3o com o objetivo de ajudar a nossa institui\u00e7\u00e3o a crescer ainda mais. A Guarda Municipal de Maric\u00e1 tem que acompanhar o crescimento da cidade e continuar a ser a refer\u00eancia que tem sido at\u00e9 agora para as outras cidades do estado. Vou me dedicar a integrar os novos guardas municipais \u00e0 antiga tropa de Maric\u00e1, incentivando-os diariamente, de forma que estejam dispostos a prestar um servi\u00e7o de excel\u00eancia com muito comprometimento, educa\u00e7\u00e3o e respeito, tanto aos mun\u00edcipes quanto aos turistas que venham visitar nossa cidade\u201d, destacou.<\/p>\n\n\n\n<p><strong>Perfil do novo comandante da Guarda Municipal<\/strong><\/p>\n\n\n\n<p>Com 19 anos de servi\u00e7os prestados ao munic\u00edpio, Ricardo Vianna Batista, 46 anos, \u00e9 graduado em Seguran\u00e7a P\u00fablica e Social pela Universidade Federal Fluminense (UFF), em Direito pela Universidade Anhanguera e em Educa\u00e7\u00e3o F\u00edsica pela Universidade Salgado de Oliveira. Possui, tamb\u00e9m, p\u00f3s-gradua\u00e7\u00e3o em Intelig\u00eancia Aplicada pelo Minist\u00e9rio P\u00fablico do Estado do Rio de Janeiro (MP-RJ). Vianna atuou no Ex\u00e9rcito Brasileiro como Segundo Tenente Tempor\u00e1rio no 3\u00b0 Batalh\u00e3o de Infantaria. Na Guarda Municipal, atuou como inspetor do Grupamento de Ronda Escolar e como coordenador adjunto do Centro Integrado de Opera\u00e7\u00f5es de Seguran\u00e7a P\u00fablica de Maric\u00e1 (Ciosp), sendo respons\u00e1vel pelas c\u00e2meras de monitoramento da cidade.<\/p>\n","protected":false},"excerpt":{"rendered":"<p>A Prefeitura de Maric\u00e1, por meio da Secretaria de Ordem P\u00fablica e Gabinete Institucional (Seop), realizou na \u00faltima sexta-feira (02\/09)<\/p>\n","protected":false},"author":1,"featured_media":42421,"comment_status":"open","ping_status":"open","sticky":false,"template":"","format":"standard","meta":{"colormag_page_container_layout":"default_layout","colormag_page_sidebar_layout":"default_layout","footnotes":""},"categories":[17],"tags":[],"class_list":["post-42420","post","type-post","status-publish","format-standard","has-post-thumbnail","hentry","category-politica"],"amp_enabled":true,"_links":{"self":[{"href":"https:\/\/maricatotal.com.br\/site\/wp-json\/wp\/v2\/posts\/42420","targetHints":{"allow":["GET"]}}],"collection":[{"href":"https:\/\/maricatotal.com.br\/site\/wp-json\/wp\/v2\/posts"}],"about":[{"href":"https:\/\/maricatotal.com.br\/site\/wp-json\/wp\/v2\/types\/post"}],"author":[{"embeddable":true,"href":"https:\/\/maricatotal.com.br\/site\/wp-json\/wp\/v2\/users\/1"}],"replies":[{"embeddable":true,"href":"https:\/\/maricatotal.com.br\/site\/wp-json\/wp\/v2\/comments?post=42420"}],"version-history":[{"count":1,"href":"https:\/\/maricatotal.com.br\/site\/wp-json\/wp\/v2\/posts\/42420\/revisions"}],"predecessor-version":[{"id":42422,"href":"https:\/\/maricatotal.com.br\/site\/wp-json\/wp\/v2\/posts\/42420\/revisions\/42422"}],"wp:featuredmedia":[{"embeddable":true,"href":"https:\/\/maricatotal.com.br\/site\/wp-json\/wp\/v2\/media\/42421"}],"wp:attachment":[{"href":"https:\/\/maricatotal.com.br\/site\/wp-json\/wp\/v2\/media?parent=42420"}],"wp:term":[{"taxonomy":"category","embeddable":true,"href":"https:\/\/maricatotal.com.br\/site\/wp-json\/wp\/v2\/categories?post=42420"},{"taxonomy":"post_tag","embeddable":true,"href":"https:\/\/maricatotal.com.br\/site\/wp-json\/wp\/v2\/tags?post=42420"}],"curies":[{"name":"wp","href":"https:\/\/api.w.org\/{rel}","templated":true}]}}