{"id":42535,"date":"2022-09-11T11:47:53","date_gmt":"2022-09-11T14:47:53","guid":{"rendered":"https:\/\/maricatotal.com.br\/site\/?p=42535"},"modified":"2022-09-11T11:47:54","modified_gmt":"2022-09-11T14:47:54","slug":"marica-e-selecionada-para-projeto-nacional-de-politicas-publicas-sobre-alimentacao-saudavel","status":"publish","type":"post","link":"https:\/\/maricatotal.com.br\/site\/2022\/09\/11\/marica-e-selecionada-para-projeto-nacional-de-politicas-publicas-sobre-alimentacao-saudavel\/","title":{"rendered":"Maric\u00e1 \u00e9 selecionada para projeto nacional de pol\u00edticas p\u00fablicas sobre alimenta\u00e7\u00e3o saud\u00e1vel\u00a0"},"content":{"rendered":"\n<p>Maric\u00e1 \u00e9 uma das dez cidades selecionadas para a segunda edi\u00e7\u00e3o do Laborat\u00f3rio Urbano de Pol\u00edticas P\u00fablicas Alimentares (Luppa), um projeto que busca incentivar governos municipais e organiza\u00e7\u00f5es locais a desenvolver sistemas alimentares saud\u00e1veis, que atuem na redu\u00e7\u00e3o da desigualdade e promovam a justi\u00e7a social. O projeto foi criado em 2020 pelo Instituto Comida do Amanh\u00e3 em parceria com a Governos Locais pela Sustentabilidade (ICLEI, na sigla em ingl\u00eas).<\/p>\n\n\n\n<p>Para a sele\u00e7\u00e3o, as secretarias de Agricultura, Pecu\u00e1ria e Pesca e de Economia Solid\u00e1ria apresentaram projetos j\u00e1 em andamento na cidade, como as pra\u00e7as agroecol\u00f3gicas, as hortas comunit\u00e1rias, o Restaurante Popular Mauro Alem\u00e3o e a f\u00e1brica municipal de produtos desidratados. O secret\u00e1rio Julio Carolino explicou que, para que a candidatura de Maric\u00e1 fosse aceita, foi necess\u00e1ria a uni\u00e3o com a Economia Solid\u00e1ria, que coordena o conselho de seguran\u00e7a alimentar do munic\u00edpio.<\/p>\n\n\n\n<p>\u201cEstou muito feliz pela cidade ser uma das selecionadas nesse processo do Luppa, vamos continuar trabalhando pela seguran\u00e7a alimentar e compartilhar nossas experi\u00eancias bem sucedidas com as cidades parceiras no projeto\u201d, comemorou o secret\u00e1rio.<\/p>\n\n\n\n<p>Com a inclus\u00e3o na segunda edi\u00e7\u00e3o do Luppa, Maric\u00e1 e as demais selecionadas \u2013 Abaetetuba (PA), Alto Para\u00edso de Goi\u00e1s (GO), Barcarena (PA), Eus\u00e9bio (CE), Jundia\u00ed (SP), Nova Lima (MG), Palmas (TO), Pindamonhangaba (SP) e Vit\u00f3ria do Mearim (MA) \u2013 se juntam a outros 26 munic\u00edpios brasileiros que j\u00e1 integram o projeto. No estado do Rio, apenas Niter\u00f3i participou da primeira edi\u00e7\u00e3o, em 2021.<\/p>\n\n\n\n<p>A sele\u00e7\u00e3o de Maric\u00e1 foi confirmada num evento realizado online nesta quinta-feira (08\/09), pelo Instituto Comida do Amanh\u00e3. Durante a transmiss\u00e3o, representantes de tr\u00eas cidades que participaram da primeira edi\u00e7\u00e3o do Luppa \u2013 Belo Horizonte (MG), Anchieta (SC) e Sobral (CE) \u2013 falaram sobre os avan\u00e7os na agenda da seguran\u00e7a alimentar e da sustentabilidade. Na abertura da transmiss\u00e3o, o coordenador de projetos da ag\u00eancia das Na\u00e7\u00f5es Unidas para a Alimenta\u00e7\u00e3o e a Agricultura (FAO), Sergio Dorfler, mencionou o retorno da fome ao cen\u00e1rio brasileiro e internacional como uma amostra do desafio a ser enfrentado pelas cidades.<\/p>\n\n\n\n<p>\u201cPrefeituras e organiza\u00e7\u00f5es locais s\u00e3o os agentes mais importantes na promo\u00e7\u00e3o do acesso a uma dieta saud\u00e1vel, do incremento da produ\u00e7\u00e3o local, da gest\u00e3o respons\u00e1vel dos res\u00edduos e da cria\u00e7\u00e3o de uma economia circular sustent\u00e1vel, que gere empregos. O retorno da fome n\u00e3o \u00e9 falta de alimento, \u00e9 retrato da desigualdade econ\u00f4mica\u201d, destacou Dorfler.<\/p>\n","protected":false},"excerpt":{"rendered":"<p>Maric\u00e1 \u00e9 uma das dez cidades selecionadas para a segunda edi\u00e7\u00e3o do Laborat\u00f3rio Urbano de Pol\u00edticas P\u00fablicas Alimentares (Luppa), um<\/p>\n","protected":false},"author":1,"featured_media":42537,"comment_status":"open","ping_status":"open","sticky":false,"template":"","format":"standard","meta":{"colormag_page_container_layout":"default_layout","colormag_page_sidebar_layout":"default_layout","footnotes":""},"categories":[17],"tags":[],"class_list":["post-42535","post","type-post","status-publish","format-standard","has-post-thumbnail","hentry","category-politica"],"amp_enabled":true,"_links":{"self":[{"href":"https:\/\/maricatotal.com.br\/site\/wp-json\/wp\/v2\/posts\/42535","targetHints":{"allow":["GET"]}}],"collection":[{"href":"https:\/\/maricatotal.com.br\/site\/wp-json\/wp\/v2\/posts"}],"about":[{"href":"https:\/\/maricatotal.com.br\/site\/wp-json\/wp\/v2\/types\/post"}],"author":[{"embeddable":true,"href":"https:\/\/maricatotal.com.br\/site\/wp-json\/wp\/v2\/users\/1"}],"replies":[{"embeddable":true,"href":"https:\/\/maricatotal.com.br\/site\/wp-json\/wp\/v2\/comments?post=42535"}],"version-history":[{"count":1,"href":"https:\/\/maricatotal.com.br\/site\/wp-json\/wp\/v2\/posts\/42535\/revisions"}],"predecessor-version":[{"id":42538,"href":"https:\/\/maricatotal.com.br\/site\/wp-json\/wp\/v2\/posts\/42535\/revisions\/42538"}],"wp:featuredmedia":[{"embeddable":true,"href":"https:\/\/maricatotal.com.br\/site\/wp-json\/wp\/v2\/media\/42537"}],"wp:attachment":[{"href":"https:\/\/maricatotal.com.br\/site\/wp-json\/wp\/v2\/media?parent=42535"}],"wp:term":[{"taxonomy":"category","embeddable":true,"href":"https:\/\/maricatotal.com.br\/site\/wp-json\/wp\/v2\/categories?post=42535"},{"taxonomy":"post_tag","embeddable":true,"href":"https:\/\/maricatotal.com.br\/site\/wp-json\/wp\/v2\/tags?post=42535"}],"curies":[{"name":"wp","href":"https:\/\/api.w.org\/{rel}","templated":true}]}}