{"id":42546,"date":"2022-09-11T12:14:50","date_gmt":"2022-09-11T15:14:50","guid":{"rendered":"https:\/\/maricatotal.com.br\/site\/?p=42546"},"modified":"2022-09-11T12:14:51","modified_gmt":"2022-09-11T15:14:51","slug":"homem-fica-ferido-em-acidente-entre-carro-e-moto-no-boqueirao-2","status":"publish","type":"post","link":"https:\/\/maricatotal.com.br\/site\/2022\/09\/11\/homem-fica-ferido-em-acidente-entre-carro-e-moto-no-boqueirao-2\/","title":{"rendered":"<br>Homem fica ferido em acidente entre carro e moto no Boqueir\u00e3o&nbsp;"},"content":{"rendered":"\n<p>Um acidente entre um carro e uma moto deixou-me homem ferido, na Avenida Prefeito Ivan Mundin, no Boqueir\u00e3o, em Maric\u00e1, na noite deste s\u00e1bado (10).<\/p>\n\n\n\n<p>De acordo com informa\u00e7\u00f5es, o motorista seguia pela via quando foi atingido pelo motociclista. Com o impacto da batida, o condutor da moto sofreu diversos ferimentos pelo corpo.<\/p>\n\n\n\n<p>Bombeiros do Destacamento de Maric\u00e1 foram acionados para o local e prestaram os primeiros socorros para a v\u00edtima. Em seguida, o homem foi encaminhado para o Hospital Municipal Conde Modesto Leal, no Centro.<\/p>\n\n\n\n<p>A unidade hospitalar n\u00e3o divulgou o estado de sa\u00fade da v\u00edtima.&nbsp;<\/p>\n","protected":false},"excerpt":{"rendered":"<p>Um acidente entre um carro e uma moto deixou-me homem ferido, na Avenida Prefeito Ivan Mundin, no Boqueir\u00e3o, em Maric\u00e1,<\/p>\n","protected":false},"author":1,"featured_media":42425,"comment_status":"open","ping_status":"open","sticky":false,"template":"","format":"standard","meta":{"colormag_page_container_layout":"default_layout","colormag_page_sidebar_layout":"default_layout","footnotes":""},"categories":[14],"tags":[],"class_list":["post-42546","post","type-post","status-publish","format-standard","has-post-thumbnail","hentry","category-bairros"],"amp_enabled":true,"_links":{"self":[{"href":"https:\/\/maricatotal.com.br\/site\/wp-json\/wp\/v2\/posts\/42546","targetHints":{"allow":["GET"]}}],"collection":[{"href":"https:\/\/maricatotal.com.br\/site\/wp-json\/wp\/v2\/posts"}],"about":[{"href":"https:\/\/maricatotal.com.br\/site\/wp-json\/wp\/v2\/types\/post"}],"author":[{"embeddable":true,"href":"https:\/\/maricatotal.com.br\/site\/wp-json\/wp\/v2\/users\/1"}],"replies":[{"embeddable":true,"href":"https:\/\/maricatotal.com.br\/site\/wp-json\/wp\/v2\/comments?post=42546"}],"version-history":[{"count":1,"href":"https:\/\/maricatotal.com.br\/site\/wp-json\/wp\/v2\/posts\/42546\/revisions"}],"predecessor-version":[{"id":42547,"href":"https:\/\/maricatotal.com.br\/site\/wp-json\/wp\/v2\/posts\/42546\/revisions\/42547"}],"wp:featuredmedia":[{"embeddable":true,"href":"https:\/\/maricatotal.com.br\/site\/wp-json\/wp\/v2\/media\/42425"}],"wp:attachment":[{"href":"https:\/\/maricatotal.com.br\/site\/wp-json\/wp\/v2\/media?parent=42546"}],"wp:term":[{"taxonomy":"category","embeddable":true,"href":"https:\/\/maricatotal.com.br\/site\/wp-json\/wp\/v2\/categories?post=42546"},{"taxonomy":"post_tag","embeddable":true,"href":"https:\/\/maricatotal.com.br\/site\/wp-json\/wp\/v2\/tags?post=42546"}],"curies":[{"name":"wp","href":"https:\/\/api.w.org\/{rel}","templated":true}]}}