{"id":42729,"date":"2022-09-15T14:16:56","date_gmt":"2022-09-15T17:16:56","guid":{"rendered":"https:\/\/maricatotal.com.br\/site\/?p=42729"},"modified":"2022-09-19T08:26:52","modified_gmt":"2022-09-19T11:26:52","slug":"prefeitura-de-marica-cadastra-populacao-em-geral-no-mumbuca-transporte","status":"publish","type":"post","link":"https:\/\/maricatotal.com.br\/site\/2022\/09\/15\/prefeitura-de-marica-cadastra-populacao-em-geral-no-mumbuca-transporte\/","title":{"rendered":"Prefeitura de Maric\u00e1 cadastra popula\u00e7\u00e3o em geral no Mumbuca Transporte"},"content":{"rendered":"\n<p>A Prefeitura de Maric\u00e1, por meio da Secretaria de Transportes, prossegue com o cadastramento da popula\u00e7\u00e3o em geral no programa Mumbuca Transporte, que vai permitir gratuidade nas vans que circulam no munic\u00edpio com benef\u00edcio de 60 passagens mensais por meio de cart\u00f5es Riocard.<\/p>\n\n\n\n<p>De acordo com o calend\u00e1rio, quem t\u00eam entre 51 e 57 anos deve realizar o procedimento de 19 a 23 de setembro. J\u00e1 pessoas com idades entre 58 e 64 anos dever\u00e3o se cadastrar no per\u00edodo de 26 a 30 de setembro.<\/p>\n\n\n\n<p>O atendimento ao p\u00fablico \u00e9 realizado nos terminais rodovi\u00e1rios do Centro e de Itaipua\u00e7u, de segunda a sexta-feira, das 8h \u00e0s 17h. \u00c9 necess\u00e1rio apresentar identidade, CPF e comprovante de resid\u00eancia.<\/p>\n","protected":false},"excerpt":{"rendered":"<p>A Prefeitura de Maric\u00e1, por meio da Secretaria de Transportes, prossegue com o cadastramento da popula\u00e7\u00e3o em geral no programa<\/p>\n","protected":false},"author":1,"featured_media":42731,"comment_status":"open","ping_status":"open","sticky":false,"template":"","format":"standard","meta":{"colormag_page_container_layout":"default_layout","colormag_page_sidebar_layout":"default_layout","footnotes":""},"categories":[18],"tags":[],"class_list":["post-42729","post","type-post","status-publish","format-standard","has-post-thumbnail","hentry","category-entretenimento"],"amp_enabled":true,"_links":{"self":[{"href":"https:\/\/maricatotal.com.br\/site\/wp-json\/wp\/v2\/posts\/42729","targetHints":{"allow":["GET"]}}],"collection":[{"href":"https:\/\/maricatotal.com.br\/site\/wp-json\/wp\/v2\/posts"}],"about":[{"href":"https:\/\/maricatotal.com.br\/site\/wp-json\/wp\/v2\/types\/post"}],"author":[{"embeddable":true,"href":"https:\/\/maricatotal.com.br\/site\/wp-json\/wp\/v2\/users\/1"}],"replies":[{"embeddable":true,"href":"https:\/\/maricatotal.com.br\/site\/wp-json\/wp\/v2\/comments?post=42729"}],"version-history":[{"count":1,"href":"https:\/\/maricatotal.com.br\/site\/wp-json\/wp\/v2\/posts\/42729\/revisions"}],"predecessor-version":[{"id":42732,"href":"https:\/\/maricatotal.com.br\/site\/wp-json\/wp\/v2\/posts\/42729\/revisions\/42732"}],"wp:featuredmedia":[{"embeddable":true,"href":"https:\/\/maricatotal.com.br\/site\/wp-json\/wp\/v2\/media\/42731"}],"wp:attachment":[{"href":"https:\/\/maricatotal.com.br\/site\/wp-json\/wp\/v2\/media?parent=42729"}],"wp:term":[{"taxonomy":"category","embeddable":true,"href":"https:\/\/maricatotal.com.br\/site\/wp-json\/wp\/v2\/categories?post=42729"},{"taxonomy":"post_tag","embeddable":true,"href":"https:\/\/maricatotal.com.br\/site\/wp-json\/wp\/v2\/tags?post=42729"}],"curies":[{"name":"wp","href":"https:\/\/api.w.org\/{rel}","templated":true}]}}