{"id":42802,"date":"2022-09-16T15:10:51","date_gmt":"2022-09-16T18:10:51","guid":{"rendered":"https:\/\/maricatotal.com.br\/site\/?p=42802"},"modified":"2022-09-19T08:28:02","modified_gmt":"2022-09-19T11:28:02","slug":"marica-tem-previsao-de-chuva-fraca-a-moderada-ate-sabado","status":"publish","type":"post","link":"https:\/\/maricatotal.com.br\/site\/2022\/09\/16\/marica-tem-previsao-de-chuva-fraca-a-moderada-ate-sabado\/","title":{"rendered":"Maric\u00e1 tem previs\u00e3o de chuva fraca a moderada at\u00e9 s\u00e1bado\u00a0"},"content":{"rendered":"\n<p>A Prefeitura de Maric\u00e1, por meio da Secretaria de Prote\u00e7\u00e3o e Defesa Civil, informa que a passagem de uma frente fria pela regi\u00e3o deixar\u00e1 o tempo inst\u00e1vel, com possibilidade de chuva fraca a moderada at\u00e9 s\u00e1bado (17\/09). Nesta sexta-feira (16\/09), o c\u00e9u estar\u00e1 nublado a encoberto com possibilidade de chuva fraca a moderada nos per\u00edodos da tarde e da noite. Os ventos estar\u00e3o com intensidade fraca a moderada e a temperatura m\u00ednima prevista \u00e9 de 14\u00b0C e a m\u00e1xima de 21\u00b0C.<\/p>\n\n\n\n<p>No s\u00e1bado (17\/09), o c\u00e9u se manter\u00e1 parcialmente nublado, sem previs\u00e3o de chuva significativa. Os ventos ter\u00e3o intensidade fraca a moderada e a temperatura m\u00ednima prevista \u00e9 de 14\u00b0C e a m\u00e1xima de 23\u00b0C. J\u00e1 no domingo (18\/09), o c\u00e9u estar\u00e1 parcialmente nublado e com poucas nuvens, sem previs\u00e3o de chuva. Os ventos ter\u00e3o intensidade fraca a moderada e a temperatura m\u00ednima \u00e9 de 13\u00b0C e m\u00e1xima de 24\u00b0C.<\/p>\n\n\n\n<p>Segundo a Marinha do Brasil, h\u00e1 previs\u00e3o de ressaca no litoral, com ondas de at\u00e9 2,5 das 21h de s\u00e1bado (17\/09) \u00e0s 09h de segunda-feira (19\/09). As equipes da Defesa Civil permanecem de prontid\u00e3o 24 horas no centro operacional e podem ser acionadas pela popula\u00e7\u00e3o por meio dos telefones 199,&nbsp;<a href=\"tel:2637-1999\">2637-1999<\/a>&nbsp;ou pelo WhatsApp&nbsp;<a href=\"tel:(21) 97000-5782\">(21) 97000-5782<\/a>.<\/p>\n","protected":false},"excerpt":{"rendered":"<p>A Prefeitura de Maric\u00e1, por meio da Secretaria de Prote\u00e7\u00e3o e Defesa Civil, informa que a passagem de uma frente<\/p>\n","protected":false},"author":1,"featured_media":42803,"comment_status":"open","ping_status":"open","sticky":false,"template":"","format":"standard","meta":{"colormag_page_container_layout":"default_layout","colormag_page_sidebar_layout":"default_layout","footnotes":""},"categories":[14],"tags":[],"class_list":["post-42802","post","type-post","status-publish","format-standard","has-post-thumbnail","hentry","category-bairros"],"amp_enabled":true,"_links":{"self":[{"href":"https:\/\/maricatotal.com.br\/site\/wp-json\/wp\/v2\/posts\/42802","targetHints":{"allow":["GET"]}}],"collection":[{"href":"https:\/\/maricatotal.com.br\/site\/wp-json\/wp\/v2\/posts"}],"about":[{"href":"https:\/\/maricatotal.com.br\/site\/wp-json\/wp\/v2\/types\/post"}],"author":[{"embeddable":true,"href":"https:\/\/maricatotal.com.br\/site\/wp-json\/wp\/v2\/users\/1"}],"replies":[{"embeddable":true,"href":"https:\/\/maricatotal.com.br\/site\/wp-json\/wp\/v2\/comments?post=42802"}],"version-history":[{"count":1,"href":"https:\/\/maricatotal.com.br\/site\/wp-json\/wp\/v2\/posts\/42802\/revisions"}],"predecessor-version":[{"id":42805,"href":"https:\/\/maricatotal.com.br\/site\/wp-json\/wp\/v2\/posts\/42802\/revisions\/42805"}],"wp:featuredmedia":[{"embeddable":true,"href":"https:\/\/maricatotal.com.br\/site\/wp-json\/wp\/v2\/media\/42803"}],"wp:attachment":[{"href":"https:\/\/maricatotal.com.br\/site\/wp-json\/wp\/v2\/media?parent=42802"}],"wp:term":[{"taxonomy":"category","embeddable":true,"href":"https:\/\/maricatotal.com.br\/site\/wp-json\/wp\/v2\/categories?post=42802"},{"taxonomy":"post_tag","embeddable":true,"href":"https:\/\/maricatotal.com.br\/site\/wp-json\/wp\/v2\/tags?post=42802"}],"curies":[{"name":"wp","href":"https:\/\/api.w.org\/{rel}","templated":true}]}}