{"id":42838,"date":"2022-09-17T12:40:29","date_gmt":"2022-09-17T15:40:29","guid":{"rendered":"https:\/\/maricatotal.com.br\/site\/?p=42838"},"modified":"2022-09-19T08:28:48","modified_gmt":"2022-09-19T11:28:48","slug":"passageira-e-socorrida-pelo-corpo-de-bombeiros-apos-passar-mal-dentro-de-van-em-marica","status":"publish","type":"post","link":"https:\/\/maricatotal.com.br\/site\/2022\/09\/17\/passageira-e-socorrida-pelo-corpo-de-bombeiros-apos-passar-mal-dentro-de-van-em-marica\/","title":{"rendered":"Passageira \u00e9 socorrida pelo Corpo de Bombeiros ap\u00f3s passar mal dentro de van em Maric\u00e1&nbsp;"},"content":{"rendered":"\n<p>Uma mulher passou mal dentro de uma van, na Rodovia Amaral Peixoto, RJ-106, em Maric\u00e1, na manh\u00e3 deste s\u00e1bado (17).<\/p>\n\n\n\n<p>De acordo com informa\u00e7\u00f5es, a mulher seguia na van no sentido Maric\u00e1 quando sofreu um mal s\u00fabito.<\/p>\n\n\n\n<p>O motorista percebeu e seguiu at\u00e9 uma ambul\u00e2ncia do Corpo de Bombeiros que estava as margens da pista.<\/p>\n\n\n\n<p>A v\u00edtima recebeu os primeiros socorros e logo em seguida foi encaminhada para o Hospital Municipal Conde Modesto Leal.&nbsp;<\/p>\n","protected":false},"excerpt":{"rendered":"<p>Uma mulher passou mal dentro de uma van, na Rodovia Amaral Peixoto, RJ-106, em Maric\u00e1, na manh\u00e3 deste s\u00e1bado (17).<\/p>\n","protected":false},"author":1,"featured_media":42840,"comment_status":"open","ping_status":"open","sticky":false,"template":"","format":"standard","meta":{"colormag_page_container_layout":"default_layout","colormag_page_sidebar_layout":"default_layout","footnotes":""},"categories":[14],"tags":[],"class_list":["post-42838","post","type-post","status-publish","format-standard","has-post-thumbnail","hentry","category-bairros"],"amp_enabled":true,"_links":{"self":[{"href":"https:\/\/maricatotal.com.br\/site\/wp-json\/wp\/v2\/posts\/42838","targetHints":{"allow":["GET"]}}],"collection":[{"href":"https:\/\/maricatotal.com.br\/site\/wp-json\/wp\/v2\/posts"}],"about":[{"href":"https:\/\/maricatotal.com.br\/site\/wp-json\/wp\/v2\/types\/post"}],"author":[{"embeddable":true,"href":"https:\/\/maricatotal.com.br\/site\/wp-json\/wp\/v2\/users\/1"}],"replies":[{"embeddable":true,"href":"https:\/\/maricatotal.com.br\/site\/wp-json\/wp\/v2\/comments?post=42838"}],"version-history":[{"count":2,"href":"https:\/\/maricatotal.com.br\/site\/wp-json\/wp\/v2\/posts\/42838\/revisions"}],"predecessor-version":[{"id":42843,"href":"https:\/\/maricatotal.com.br\/site\/wp-json\/wp\/v2\/posts\/42838\/revisions\/42843"}],"wp:featuredmedia":[{"embeddable":true,"href":"https:\/\/maricatotal.com.br\/site\/wp-json\/wp\/v2\/media\/42840"}],"wp:attachment":[{"href":"https:\/\/maricatotal.com.br\/site\/wp-json\/wp\/v2\/media?parent=42838"}],"wp:term":[{"taxonomy":"category","embeddable":true,"href":"https:\/\/maricatotal.com.br\/site\/wp-json\/wp\/v2\/categories?post=42838"},{"taxonomy":"post_tag","embeddable":true,"href":"https:\/\/maricatotal.com.br\/site\/wp-json\/wp\/v2\/tags?post=42838"}],"curies":[{"name":"wp","href":"https:\/\/api.w.org\/{rel}","templated":true}]}}