{"id":42844,"date":"2022-09-17T13:09:43","date_gmt":"2022-09-17T16:09:43","guid":{"rendered":"https:\/\/maricatotal.com.br\/site\/?p=42844"},"modified":"2022-09-19T08:28:53","modified_gmt":"2022-09-19T11:28:53","slug":"guarda-municipal-detem-homem-por-assedio-na-rodoviaria-de-marica","status":"publish","type":"post","link":"https:\/\/maricatotal.com.br\/site\/2022\/09\/17\/guarda-municipal-detem-homem-por-assedio-na-rodoviaria-de-marica\/","title":{"rendered":"<br>Guarda Municipal det\u00e9m homem por ass\u00e9dio na Rodovi\u00e1ria de Maric\u00e1&nbsp;"},"content":{"rendered":"\n<p>Um homem foi detido pela Guarda Municipal por ass\u00e9dio, na Rodovi\u00e1ria de Maric\u00e1, na manh\u00e3 deste s\u00e1bado (17).<\/p>\n\n\n\n<p>De acordo com informa\u00e7\u00f5es, o homem estava assediando e amea\u00e7ando mulheres que esperavam pelo \u00f4nibus.<\/p>\n\n\n\n<p>Agentes da Guarda Municipal foram acionados e conseguiram deter o acusado, que foi encaminhado para a 82\u00aa DP (Maric\u00e1).<\/p>\n\n\n\n<p>O acusado foi autuado pelo crime de ass\u00e9dio e amea\u00e7a, sendo liberado ap\u00f3s prestar depoimento.<\/p>\n","protected":false},"excerpt":{"rendered":"<p>Um homem foi detido pela Guarda Municipal por ass\u00e9dio, na Rodovi\u00e1ria de Maric\u00e1, na manh\u00e3 deste s\u00e1bado (17). De acordo<\/p>\n","protected":false},"author":1,"featured_media":42845,"comment_status":"open","ping_status":"open","sticky":false,"template":"","format":"standard","meta":{"colormag_page_container_layout":"default_layout","colormag_page_sidebar_layout":"default_layout","footnotes":""},"categories":[1],"tags":[],"class_list":["post-42844","post","type-post","status-publish","format-standard","has-post-thumbnail","hentry","category-noticias"],"amp_enabled":true,"_links":{"self":[{"href":"https:\/\/maricatotal.com.br\/site\/wp-json\/wp\/v2\/posts\/42844","targetHints":{"allow":["GET"]}}],"collection":[{"href":"https:\/\/maricatotal.com.br\/site\/wp-json\/wp\/v2\/posts"}],"about":[{"href":"https:\/\/maricatotal.com.br\/site\/wp-json\/wp\/v2\/types\/post"}],"author":[{"embeddable":true,"href":"https:\/\/maricatotal.com.br\/site\/wp-json\/wp\/v2\/users\/1"}],"replies":[{"embeddable":true,"href":"https:\/\/maricatotal.com.br\/site\/wp-json\/wp\/v2\/comments?post=42844"}],"version-history":[{"count":1,"href":"https:\/\/maricatotal.com.br\/site\/wp-json\/wp\/v2\/posts\/42844\/revisions"}],"predecessor-version":[{"id":42848,"href":"https:\/\/maricatotal.com.br\/site\/wp-json\/wp\/v2\/posts\/42844\/revisions\/42848"}],"wp:featuredmedia":[{"embeddable":true,"href":"https:\/\/maricatotal.com.br\/site\/wp-json\/wp\/v2\/media\/42845"}],"wp:attachment":[{"href":"https:\/\/maricatotal.com.br\/site\/wp-json\/wp\/v2\/media?parent=42844"}],"wp:term":[{"taxonomy":"category","embeddable":true,"href":"https:\/\/maricatotal.com.br\/site\/wp-json\/wp\/v2\/categories?post=42844"},{"taxonomy":"post_tag","embeddable":true,"href":"https:\/\/maricatotal.com.br\/site\/wp-json\/wp\/v2\/tags?post=42844"}],"curies":[{"name":"wp","href":"https:\/\/api.w.org\/{rel}","templated":true}]}}