{"id":43127,"date":"2022-09-23T08:49:07","date_gmt":"2022-09-23T11:49:07","guid":{"rendered":"https:\/\/maricatotal.com.br\/site\/?p=43127"},"modified":"2022-10-06T12:04:59","modified_gmt":"2022-10-06T15:04:59","slug":"prefeitura-reforca-servico-dos-vermelhinhos-para-atender-publico-do-festival-pedacinho-do-ceu","status":"publish","type":"post","link":"https:\/\/maricatotal.com.br\/site\/2022\/09\/23\/prefeitura-reforca-servico-dos-vermelhinhos-para-atender-publico-do-festival-pedacinho-do-ceu\/","title":{"rendered":"Prefeitura refor\u00e7a servi\u00e7o dos Vermelhinhos para atender p\u00fablico do Festival Pedacinho do C\u00e9u\u00a0"},"content":{"rendered":"\n<p>A Prefeitura de Maric\u00e1, por meio da Empresa P\u00fablica de Transportes (EPT), vai refor\u00e7ar o servi\u00e7o de transporte para atender moradores e turistas durante o \u201cFestival Pedacinho do C\u00e9u\u201d, que acontece entre sexta-feira (23\/09) e domingo (25\/09), em Ara\u00e7atiba.<\/p>\n\n\n\n<p>Al\u00e9m da programa\u00e7\u00e3o normal das linhas de \u00f4nibus que operam no bairro, a EPT criou a linha especial E-12 (Extra Pedacinho do C\u00e9u), que vai operar no sistema circular com sa\u00eddas da Rodovi\u00e1ria do Povo, no Centro, at\u00e9 a entrada de Zacarias, num total de dez viagens para o evento.<\/p>\n\n\n\n<p>Confira os hor\u00e1rios de sa\u00edda da Linha Especial E-12 da Rodovi\u00e1ria do Povo 16h30, 16h50, 17h50, 18h10, 19h10, 19h30, 20h30, 20h50, 21h50 e 22h10.<\/p>\n\n\n\n<p><strong>Festival Pedacinho do C\u00e9u<\/strong><\/p>\n\n\n\n<p>A programa\u00e7\u00e3o da 3\u00aa edi\u00e7\u00e3o do Festival Pedacinho de C\u00e9u ser\u00e1 dedicada ao jazz e ao blues. Diversas atra\u00e7\u00f5es est\u00e3o previstas, entre elas apresenta\u00e7\u00e3o de chorinho, performance teatral Viva Darcy, apresenta\u00e7\u00e3o da Cia de Artes L\u00eddia Maria, al\u00e9m da cantora Rose Lima, da Banda T\u00f3caz, do Grupo Acorda Bamba e do pianista Marvio Ciribelli.<\/p>\n\n\n\n<p>Quem passar pelo Deck P\u00f4r do Sol, na Orla de Ara\u00e7atiba, tamb\u00e9m vai encontrar uma variedade de barraquinhas na feira de artesanato e no espa\u00e7o gastron\u00f4mico. O evento \u00e9 uma realiza\u00e7\u00e3o da Companhia de Desenvolvimento de Maric\u00e1 (Codemar) e das secretarias de Turismo e Promo\u00e7\u00e3o e Projetos Especiais.<\/p>\n","protected":false},"excerpt":{"rendered":"<p>A Prefeitura de Maric\u00e1, por meio da Empresa P\u00fablica de Transportes (EPT), vai refor\u00e7ar o servi\u00e7o de transporte para atender<\/p>\n","protected":false},"author":1,"featured_media":43128,"comment_status":"open","ping_status":"open","sticky":false,"template":"","format":"standard","meta":{"colormag_page_container_layout":"default_layout","colormag_page_sidebar_layout":"default_layout","footnotes":""},"categories":[14],"tags":[],"class_list":["post-43127","post","type-post","status-publish","format-standard","has-post-thumbnail","hentry","category-bairros"],"amp_enabled":true,"_links":{"self":[{"href":"https:\/\/maricatotal.com.br\/site\/wp-json\/wp\/v2\/posts\/43127","targetHints":{"allow":["GET"]}}],"collection":[{"href":"https:\/\/maricatotal.com.br\/site\/wp-json\/wp\/v2\/posts"}],"about":[{"href":"https:\/\/maricatotal.com.br\/site\/wp-json\/wp\/v2\/types\/post"}],"author":[{"embeddable":true,"href":"https:\/\/maricatotal.com.br\/site\/wp-json\/wp\/v2\/users\/1"}],"replies":[{"embeddable":true,"href":"https:\/\/maricatotal.com.br\/site\/wp-json\/wp\/v2\/comments?post=43127"}],"version-history":[{"count":1,"href":"https:\/\/maricatotal.com.br\/site\/wp-json\/wp\/v2\/posts\/43127\/revisions"}],"predecessor-version":[{"id":43130,"href":"https:\/\/maricatotal.com.br\/site\/wp-json\/wp\/v2\/posts\/43127\/revisions\/43130"}],"wp:featuredmedia":[{"embeddable":true,"href":"https:\/\/maricatotal.com.br\/site\/wp-json\/wp\/v2\/media\/43128"}],"wp:attachment":[{"href":"https:\/\/maricatotal.com.br\/site\/wp-json\/wp\/v2\/media?parent=43127"}],"wp:term":[{"taxonomy":"category","embeddable":true,"href":"https:\/\/maricatotal.com.br\/site\/wp-json\/wp\/v2\/categories?post=43127"},{"taxonomy":"post_tag","embeddable":true,"href":"https:\/\/maricatotal.com.br\/site\/wp-json\/wp\/v2\/tags?post=43127"}],"curies":[{"name":"wp","href":"https:\/\/api.w.org\/{rel}","templated":true}]}}