{"id":4316,"date":"2019-10-30T09:05:49","date_gmt":"2019-10-30T12:05:49","guid":{"rendered":"http:\/\/maricatotal.com.br\/site\/?p=4316"},"modified":"2019-10-30T09:06:17","modified_gmt":"2019-10-30T12:06:17","slug":"prefeitura-entrega-quadra-poliesportiva-e-escola-revitalizada-em-manoel-ribeiro","status":"publish","type":"post","link":"https:\/\/maricatotal.com.br\/site\/2019\/10\/30\/prefeitura-entrega-quadra-poliesportiva-e-escola-revitalizada-em-manoel-ribeiro\/","title":{"rendered":"PREFEITURA ENTREGA QUADRA POLIESPORTIVA E ESCOLA REVITALIZADA EM MANOEL RIBEIRO"},"content":{"rendered":"\n<figure class=\"wp-block-image\"><img loading=\"lazy\" decoding=\"async\" width=\"1024\" height=\"684\" src=\"http:\/\/maricatotal.com.br\/site\/wp-content\/uploads\/2019\/10\/2019_10_29_Inauguracao_Quadra_Poliesportiva_EM_Joao_Pedro_Machado-KATITO-9846-1024x684.jpg\" alt=\"\" class=\"wp-image-4317\" srcset=\"https:\/\/maricatotal.com.br\/site\/wp-content\/uploads\/2019\/10\/2019_10_29_Inauguracao_Quadra_Poliesportiva_EM_Joao_Pedro_Machado-KATITO-9846-1024x684.jpg 1024w, https:\/\/maricatotal.com.br\/site\/wp-content\/uploads\/2019\/10\/2019_10_29_Inauguracao_Quadra_Poliesportiva_EM_Joao_Pedro_Machado-KATITO-9846-300x200.jpg 300w, https:\/\/maricatotal.com.br\/site\/wp-content\/uploads\/2019\/10\/2019_10_29_Inauguracao_Quadra_Poliesportiva_EM_Joao_Pedro_Machado-KATITO-9846-768x513.jpg 768w, https:\/\/maricatotal.com.br\/site\/wp-content\/uploads\/2019\/10\/2019_10_29_Inauguracao_Quadra_Poliesportiva_EM_Joao_Pedro_Machado-KATITO-9846.jpg 1198w\" sizes=\"auto, (max-width: 1024px) 100vw, 1024px\" \/><\/figure>\n\n\n\n<p>Alunos da E.M. Jo\u00e3o Pedro Machado, localizada na Rod. Amaral Peixoto, km 38, no bairro Manoel Ribeiro, est\u00e3o em festa. A Prefeitura de Maric\u00e1 entregou \u00e0 comunidade, na tarde da \u00faltima ter\u00e7a-feira (29\/10), a Quadra Poliesportiva Carlos Alberto da Silva.<\/p>\n\n\n\n<p>Revitalizada, a unidade de ensino tamb\u00e9m passa a contar com refeit\u00f3rio, novos banheiros, salas de aula reformadas, paisagismo, al\u00e9m de espa\u00e7os de conviv\u00eancia totalmente pensados para os pequenos.<\/p>\n\n\n\n<p>\u201cIsso aqui est\u00e1 espetacular, \u00e9 um sonho realizado que interfere diretamente na vida do aluno, aumenta a sua autoestima e faz com que essas crian\u00e7as tenham vontade de vir e de querer estudar aqui\u201d, analisou Marcos Ribeiro, vice-prefeito de Maric\u00e1. \u201cE, esse \u00e9 um trabalho continuo que vem sendo realizado em v\u00e1rias escolas da nossa rede\u201d, frisou o vice-prefeito.<\/p>\n\n\n\n<p>\u201cInicialmente, o Jo\u00e3o Pedro Machado era uma escola do estado que foi municipalizada e que j\u00e1 t\u00ednhamos um desejo antigo de revitalizar e construir essa quadra\u201d, contou Adriana Lu\u00edza, secret\u00e1ria de Educa\u00e7\u00e3o. \u201cA educa\u00e7\u00e3o aqui \u00e9 de tempo integral, por\u00e9m devido \u00e0s obras tivemos que reduzir o per\u00edodo, mas ano que vem voltaremos a ser de tempo integral\u201d, garantiu a secret\u00e1ria.<\/p>\n\n\n\n<p>\u201cA comunidade e as crian\u00e7as daqui mereciam essa transforma\u00e7\u00e3o. Muitos pais aqui j\u00e1 foram alunos e sabem o quanto a Jo\u00e3o Pedro Machado precisava dessa revitaliza\u00e7\u00e3o e dessa quadra. Tudo isso s\u00f3 vem a agregar na qualidade de vida dos nossos alunos e funcion\u00e1rios\u201d, avaliou Samara Dutra da Rosa, diretora da escola h\u00e1 10 anos.<\/p>\n\n\n\n<p>\u201cA escola est\u00e1 linda. Essa quadra \u00e9 um pedido antigo e tenho certeza de que far\u00e1 muita diferen\u00e7a na educa\u00e7\u00e3o das nossas crian\u00e7as\u201d, disse Patr\u00edcia de Melo Nascimento, m\u00e3e da pequena Ana Clara, de 6 anos.&nbsp;\u201cA escola e a quadra est\u00e3o incr\u00edveis e com certeza as maiores beneficiadas s\u00e3o as crian\u00e7as do bairro e todos os alunos que j\u00e1 estudam aqui\u201d, afirmou Marcelo Terra, pai do aluno Daniel Rabello, de 9 anos.<\/p>\n\n\n\n<p>O nome da quadra poliesportiva \u00e9 uma homenagem ao saudoso morador do bairro, Carlos Alberto da Silva, conhecido como Seu Lotero,&nbsp; um grande amigo da escola Jo\u00e3o Pedro Machado e uma lideran\u00e7a na comunidade. Lotero faleceu aos 73 anos deixando esposa, filhos, 11 netos, cinco bisnetos e muitos amigos.<\/p>\n\n\n\n<p>\u201c\u00c9 com muita emo\u00e7\u00e3o e com muita alegria no cora\u00e7\u00e3o que agrade\u00e7o por essa linda homenagem feita ao meu pai que muito fez por essa escola. Apesar de sua simplicidade e humildade ele sempre fez o poss\u00edvel para que tudo desse certo e embora n\u00e3o tivesse conhecimento das letras, isso n\u00e3o o impediu de formar os seus filhos\u201d, contou a professora Sandra Costa, filha do homenageado.<\/p>\n","protected":false},"excerpt":{"rendered":"<p>Alunos da E.M. Jo\u00e3o Pedro Machado, localizada na Rod. Amaral Peixoto, km 38, no bairro Manoel Ribeiro, est\u00e3o em festa.<\/p>\n","protected":false},"author":1,"featured_media":0,"comment_status":"open","ping_status":"open","sticky":false,"template":"","format":"standard","meta":{"colormag_page_container_layout":"default_layout","colormag_page_sidebar_layout":"default_layout","footnotes":""},"categories":[14,18],"tags":[],"class_list":["post-4316","post","type-post","status-publish","format-standard","hentry","category-bairros","category-entretenimento"],"amp_enabled":true,"_links":{"self":[{"href":"https:\/\/maricatotal.com.br\/site\/wp-json\/wp\/v2\/posts\/4316","targetHints":{"allow":["GET"]}}],"collection":[{"href":"https:\/\/maricatotal.com.br\/site\/wp-json\/wp\/v2\/posts"}],"about":[{"href":"https:\/\/maricatotal.com.br\/site\/wp-json\/wp\/v2\/types\/post"}],"author":[{"embeddable":true,"href":"https:\/\/maricatotal.com.br\/site\/wp-json\/wp\/v2\/users\/1"}],"replies":[{"embeddable":true,"href":"https:\/\/maricatotal.com.br\/site\/wp-json\/wp\/v2\/comments?post=4316"}],"version-history":[{"count":0,"href":"https:\/\/maricatotal.com.br\/site\/wp-json\/wp\/v2\/posts\/4316\/revisions"}],"wp:attachment":[{"href":"https:\/\/maricatotal.com.br\/site\/wp-json\/wp\/v2\/media?parent=4316"}],"wp:term":[{"taxonomy":"category","embeddable":true,"href":"https:\/\/maricatotal.com.br\/site\/wp-json\/wp\/v2\/categories?post=4316"},{"taxonomy":"post_tag","embeddable":true,"href":"https:\/\/maricatotal.com.br\/site\/wp-json\/wp\/v2\/tags?post=4316"}],"curies":[{"name":"wp","href":"https:\/\/api.w.org\/{rel}","templated":true}]}}