{"id":4320,"date":"2019-10-30T09:13:51","date_gmt":"2019-10-30T12:13:51","guid":{"rendered":"http:\/\/maricatotal.com.br\/site\/?p=4320"},"modified":"2019-10-30T09:13:53","modified_gmt":"2019-10-30T12:13:53","slug":"prefeitura-e-comunidade-se-unem-para-realizar-mutirao-na-praia","status":"publish","type":"post","link":"https:\/\/maricatotal.com.br\/site\/2019\/10\/30\/prefeitura-e-comunidade-se-unem-para-realizar-mutirao-na-praia\/","title":{"rendered":"PREFEITURA E COMUNIDADE SE UNEM PARA REALIZAR MUTIR\u00c3O NA PRAIA"},"content":{"rendered":"\n<figure class=\"wp-block-image\"><img loading=\"lazy\" decoding=\"async\" width=\"1024\" height=\"768\" src=\"http:\/\/maricatotal.com.br\/site\/wp-content\/uploads\/2019\/10\/WhatsApp-Image-2019-10-29-at-19.15.24-1024x768.jpeg\" alt=\"\" class=\"wp-image-4321\" srcset=\"https:\/\/maricatotal.com.br\/site\/wp-content\/uploads\/2019\/10\/WhatsApp-Image-2019-10-29-at-19.15.24-1024x768.jpeg 1024w, https:\/\/maricatotal.com.br\/site\/wp-content\/uploads\/2019\/10\/WhatsApp-Image-2019-10-29-at-19.15.24-300x225.jpeg 300w, https:\/\/maricatotal.com.br\/site\/wp-content\/uploads\/2019\/10\/WhatsApp-Image-2019-10-29-at-19.15.24-768x576.jpeg 768w, https:\/\/maricatotal.com.br\/site\/wp-content\/uploads\/2019\/10\/WhatsApp-Image-2019-10-29-at-19.15.24.jpeg 1280w\" sizes=\"auto, (max-width: 1024px) 100vw, 1024px\" \/><\/figure>\n\n\n\n<p>Representando a Prefeitura de Maric\u00e1, uma equipe da autarquia Servi\u00e7os de Obras de Maric\u00e1 (Somar) se reuniu na \u00faltima quinta-feira (24\/10), com representantes de 12 grupos de pescadores da cidade.<\/p>\n\n\n\n<p>Durante o encontro, numa pousada da Rua 56 (Guaratiba), ficou acertada uma grande a\u00e7\u00e3o em conjunto, a ser realizada no dia 07\/12, das 9h \u00e0s 12h. O mutir\u00e3o do projeto \u201cPraia mais limpa\u201d ser\u00e1 realizado no trecho que compreende a Rua 0 (Barra) e a Praia da Aeron\u00e1utica (S\u00e3o Jos\u00e9 do Imbassa\u00ed).<\/p>\n\n\n\n<p>\u201cAl\u00e9m de separar os trechos que v\u00e3o ser limpos, os grupos de pescadores ficaram respons\u00e1veis por levar cerca de 10 pessoas para ajudar no processo. N\u00f3s, entraremos com o aparato de equipamento, insumos espec\u00edficos, como sacola de lixo e mais m\u00e3o de obra\u201d, explicou o diretor Operacional de Coleta, Res\u00edduos e Varri\u00e7\u00e3o de Maric\u00e1,&nbsp;Bruno Rodrigues.<\/p>\n","protected":false},"excerpt":{"rendered":"<p>Representando a Prefeitura de Maric\u00e1, uma equipe da autarquia Servi\u00e7os de Obras de Maric\u00e1 (Somar) se reuniu na \u00faltima quinta-feira<\/p>\n","protected":false},"author":1,"featured_media":0,"comment_status":"open","ping_status":"open","sticky":false,"template":"","format":"standard","meta":{"colormag_page_container_layout":"default_layout","colormag_page_sidebar_layout":"default_layout","footnotes":""},"categories":[14,18],"tags":[],"class_list":["post-4320","post","type-post","status-publish","format-standard","hentry","category-bairros","category-entretenimento"],"amp_enabled":true,"_links":{"self":[{"href":"https:\/\/maricatotal.com.br\/site\/wp-json\/wp\/v2\/posts\/4320","targetHints":{"allow":["GET"]}}],"collection":[{"href":"https:\/\/maricatotal.com.br\/site\/wp-json\/wp\/v2\/posts"}],"about":[{"href":"https:\/\/maricatotal.com.br\/site\/wp-json\/wp\/v2\/types\/post"}],"author":[{"embeddable":true,"href":"https:\/\/maricatotal.com.br\/site\/wp-json\/wp\/v2\/users\/1"}],"replies":[{"embeddable":true,"href":"https:\/\/maricatotal.com.br\/site\/wp-json\/wp\/v2\/comments?post=4320"}],"version-history":[{"count":0,"href":"https:\/\/maricatotal.com.br\/site\/wp-json\/wp\/v2\/posts\/4320\/revisions"}],"wp:attachment":[{"href":"https:\/\/maricatotal.com.br\/site\/wp-json\/wp\/v2\/media?parent=4320"}],"wp:term":[{"taxonomy":"category","embeddable":true,"href":"https:\/\/maricatotal.com.br\/site\/wp-json\/wp\/v2\/categories?post=4320"},{"taxonomy":"post_tag","embeddable":true,"href":"https:\/\/maricatotal.com.br\/site\/wp-json\/wp\/v2\/tags?post=4320"}],"curies":[{"name":"wp","href":"https:\/\/api.w.org\/{rel}","templated":true}]}}