{"id":4323,"date":"2019-10-30T09:17:32","date_gmt":"2019-10-30T12:17:32","guid":{"rendered":"http:\/\/maricatotal.com.br\/site\/?p=4323"},"modified":"2019-10-30T09:17:34","modified_gmt":"2019-10-30T12:17:34","slug":"lona-cultural-da-barra-recebe-a-iii-conferencia-municipal-de-cultura","status":"publish","type":"post","link":"https:\/\/maricatotal.com.br\/site\/2019\/10\/30\/lona-cultural-da-barra-recebe-a-iii-conferencia-municipal-de-cultura\/","title":{"rendered":"LONA CULTURAL DA BARRA RECEBE A III CONFER\u00caNCIA MUNICIPAL DE CULTURA"},"content":{"rendered":"\n<figure class=\"wp-block-image\"><img loading=\"lazy\" decoding=\"async\" width=\"1024\" height=\"684\" src=\"http:\/\/maricatotal.com.br\/site\/wp-content\/uploads\/2019\/10\/2019_10_16_Pre_Conferencia_Cultura-KATITO-8916-1024x684.jpg\" alt=\"\" class=\"wp-image-4324\" srcset=\"https:\/\/maricatotal.com.br\/site\/wp-content\/uploads\/2019\/10\/2019_10_16_Pre_Conferencia_Cultura-KATITO-8916-1024x684.jpg 1024w, https:\/\/maricatotal.com.br\/site\/wp-content\/uploads\/2019\/10\/2019_10_16_Pre_Conferencia_Cultura-KATITO-8916-300x200.jpg 300w, https:\/\/maricatotal.com.br\/site\/wp-content\/uploads\/2019\/10\/2019_10_16_Pre_Conferencia_Cultura-KATITO-8916-768x513.jpg 768w, https:\/\/maricatotal.com.br\/site\/wp-content\/uploads\/2019\/10\/2019_10_16_Pre_Conferencia_Cultura-KATITO-8916.jpg 1198w\" sizes=\"auto, (max-width: 1024px) 100vw, 1024px\" \/><\/figure>\n\n\n\n<p>Nos dias 30 e 31 de outubro, acontece na Lona Cultural Marielle Franco, na Barra, a III Confer\u00eancia Municipal de Cultura, que tem como objetivo discutir propostas para o setor de maneira prof\u00edcua e democr\u00e1tica. Das 9h \u00e0s 17h, os delegados eleitos durante as quatro pr\u00e9-confer\u00eancias, juntamente com os demais participantes e convidados para compor a mesa de debates, alinhar\u00e3o as diretrizes da cultura do munic\u00edpio nos pr\u00f3ximos anos.<\/p>\n\n\n\n<p>Durante o encontro, haver\u00e1 vota\u00e7\u00e3o para a vaga de conselheiro municipal de cultura, fortalecendo a participa\u00e7\u00e3o popular na gest\u00e3o p\u00fablica. Para a secret\u00e1ria da pasta, Andr\u00e9a Cunha, sem ouvir a sociedade, n\u00e3o h\u00e1 como apostar em a\u00e7\u00f5es ou projetos de forma precisa. \u201cIncentivar a cidadania, a participa\u00e7\u00e3o e priorizar a escuta, esse \u00e9 o caminho\u201d, diz.<\/p>\n\n\n\n<p>Ainda segundo a secret\u00e1ria, na medida em que os encontros acontecem, percebe-se que os desejos da popula\u00e7\u00e3o e as condutas sugeridas pela administra\u00e7\u00e3o p\u00fablica v\u00e3o se estreitando. \u201cNas pr\u00e9-confer\u00eancias as quest\u00f5es levantadas pelos participantes em geral foram ao encontro do que j\u00e1 est\u00e1 sendo desenvolvido\u201d, observa.<\/p>\n","protected":false},"excerpt":{"rendered":"<p>Nos dias 30 e 31 de outubro, acontece na Lona Cultural Marielle Franco, na Barra, a III Confer\u00eancia Municipal de<\/p>\n","protected":false},"author":1,"featured_media":0,"comment_status":"open","ping_status":"open","sticky":false,"template":"","format":"standard","meta":{"colormag_page_container_layout":"default_layout","colormag_page_sidebar_layout":"default_layout","footnotes":""},"categories":[18],"tags":[],"class_list":["post-4323","post","type-post","status-publish","format-standard","hentry","category-entretenimento"],"amp_enabled":true,"_links":{"self":[{"href":"https:\/\/maricatotal.com.br\/site\/wp-json\/wp\/v2\/posts\/4323","targetHints":{"allow":["GET"]}}],"collection":[{"href":"https:\/\/maricatotal.com.br\/site\/wp-json\/wp\/v2\/posts"}],"about":[{"href":"https:\/\/maricatotal.com.br\/site\/wp-json\/wp\/v2\/types\/post"}],"author":[{"embeddable":true,"href":"https:\/\/maricatotal.com.br\/site\/wp-json\/wp\/v2\/users\/1"}],"replies":[{"embeddable":true,"href":"https:\/\/maricatotal.com.br\/site\/wp-json\/wp\/v2\/comments?post=4323"}],"version-history":[{"count":0,"href":"https:\/\/maricatotal.com.br\/site\/wp-json\/wp\/v2\/posts\/4323\/revisions"}],"wp:attachment":[{"href":"https:\/\/maricatotal.com.br\/site\/wp-json\/wp\/v2\/media?parent=4323"}],"wp:term":[{"taxonomy":"category","embeddable":true,"href":"https:\/\/maricatotal.com.br\/site\/wp-json\/wp\/v2\/categories?post=4323"},{"taxonomy":"post_tag","embeddable":true,"href":"https:\/\/maricatotal.com.br\/site\/wp-json\/wp\/v2\/tags?post=4323"}],"curies":[{"name":"wp","href":"https:\/\/api.w.org\/{rel}","templated":true}]}}