{"id":43232,"date":"2022-09-25T10:15:24","date_gmt":"2022-09-25T13:15:24","guid":{"rendered":"https:\/\/maricatotal.com.br\/site\/?p=43232"},"modified":"2022-10-06T12:06:35","modified_gmt":"2022-10-06T15:06:35","slug":"prefeitura-realiza-acao-de-valorizacao-a-vida-na-unidade-de-saude-da-familia-sao-jose-1","status":"publish","type":"post","link":"https:\/\/maricatotal.com.br\/site\/2022\/09\/25\/prefeitura-realiza-acao-de-valorizacao-a-vida-na-unidade-de-saude-da-familia-sao-jose-1\/","title":{"rendered":"Prefeitura realiza a\u00e7\u00e3o de valoriza\u00e7\u00e3o \u00e0 vida na Unidade de Sa\u00fade da Fam\u00edlia S\u00e3o Jos\u00e9 1"},"content":{"rendered":"\n<p>A Prefeitura de Maric\u00e1, por meio da Secretaria de Sa\u00fade, promoveu nesse s\u00e1bado (24\/09) atividades voltadas ao bem-estar mental da popula\u00e7\u00e3o na Unidade de Sa\u00fade da Fam\u00edlia (USF) S\u00e3o Jos\u00e9 1, no bairro de mesmo nome, reunindo 20 moradores na sala de espera do local. A a\u00e7\u00e3o contou com roda de conversa abordando as principais d\u00favidas sobre os transtornos mentais, acolhimento aos casos que necessitam de aten\u00e7\u00e3o, al\u00e9m de um quadro para os participantes exporem, de forma l\u00fadica, motivos que os incentivam a seguir em frente.<\/p>\n\n\n\n<p>A din\u00e2mica foi uma iniciativa da Equipe Multiprofissional de Aten\u00e7\u00e3o Psicossocial (EMAP) que atende o primeiro distrito da cidade, integrando a programa\u00e7\u00e3o do Setembro Amarelo, m\u00eas de mobiliza\u00e7\u00e3o pela preven\u00e7\u00e3o ao suic\u00eddio.<\/p>\n\n\n\n<p>Em outra frente, os profissionais que atuam na unidade aproveitaram a a\u00e7\u00e3o para unir sa\u00fade mental, f\u00edsica e cuidados pessoais, realizando o exame preventivo de colo de \u00fatero (Papanicolau) nas mulheres cadastradas na USF; oferecendo orienta\u00e7\u00f5es sobre higiene bucal \u00e0s crian\u00e7as presentes; e avaliando exames j\u00e1 efetuados.<\/p>\n\n\n\n<p>Raquel Alves, psic\u00f3loga da Emap que participou da atividade, destacou o papel das din\u00e2micas para aproximar a popula\u00e7\u00e3o do servi\u00e7o de aten\u00e7\u00e3o psicossocial, trazendo benef\u00edcios \u00e0 sa\u00fade mental dos moradores e oferecendo cuidados alinhados ao seu cotidiano.<\/p>\n\n\n\n<p>\u201cEstar presente no territ\u00f3rio e t\u00e3o pr\u00f3ximo dos usu\u00e1rios \u00e9 o que tem de mais singular no servi\u00e7o da Emap. A cada dia, percebemos o quanto a popula\u00e7\u00e3o se beneficia da nossa atua\u00e7\u00e3o, onde cada atendido \u00e9 observado em toda a sua esfera de pertencimento, trazendo maior potencialidade e efic\u00e1cia ao cuidado \u00e0 sa\u00fade mental. Com isso, notamos que h\u00e1 uma crescente aceita\u00e7\u00e3o e busca ao servi\u00e7o pela popula\u00e7\u00e3o, ajudando a afastar estigmas e preconceitos \u00e0queles que possuem algum transtorno mental\u201d, afirmou.<\/p>\n\n\n\n<p>Elisangela da Concei\u00e7\u00e3o, de 45 anos, \u00e9 atendida na unidade e destacou o papel da a\u00e7\u00e3o para propor novos olhares sobre a sa\u00fade mental, contribuindo no aux\u00edlio \u00e0queles com quem convive diariamente.<\/p>\n\n\n\n<p>\u201cFoi muito interessante participar dessa atividade focada no Setembro Amarelo, ajudando a abrir a minha mente para esse tema importante. Na minha fam\u00edlia, h\u00e1 pessoas que precisam de atendimentos voltados \u00e0 sa\u00fade mental e agora sei como orient\u00e1-los, indicando a USF S\u00e3o Jos\u00e9 1 como refer\u00eancia\u201d, ressaltou.<br><strong><br>Cuidados com a sa\u00fade mental em diversas frentes<\/strong><\/p>\n\n\n\n<p>Os adolescentes de 12 a 18 anos cadastrados na USF S\u00e3o Jos\u00e9 1 podem participar do grupo \u201cDando voz ao sil\u00eancio\u201d, que ocorre \u00e0s quartas-feiras, a partir das 13h, na unidade. A atividade coletiva, promovida pela Emap, tem o objetivo de oferecer acolhimento qualificado \u00e0s demandas de sa\u00fade mental desse p\u00fablico, oferecendo um espa\u00e7o de conversa, desabafo e compartilhamento de viv\u00eancias.<\/p>\n\n\n\n<p>Em toda a cidade, as USF seguem realizando din\u00e2micas de conscientiza\u00e7\u00e3o sobre a preven\u00e7\u00e3o ao suic\u00eddio at\u00e9 o fim do m\u00eas, buscando esclarecer d\u00favidas e afastar estigmas ainda associados ao tema. At\u00e9 o momento, j\u00e1 foram realizadas a\u00e7\u00f5es desse tipo nas USF Marinel\u00e2ndia, Barra, Bambu\u00ed, Barroco, Ch\u00e1cara de Ino\u00e3, Carlos Marighella, Santa Rita, S\u00e3o Jos\u00e9 1, S\u00e3o Jos\u00e9 2, Ponta Grossa, Central, Ubatiba e Mumbuca, com foco nos usu\u00e1rios e tamb\u00e9m nos profissionais da sa\u00fade \u2014 ajudando a capacit\u00e1-los para acolher da melhor forma as pessoas com demandas relativas \u00e0 sa\u00fade mental.<\/p>\n\n\n\n<p>Al\u00e9m disso, os Centros de Aten\u00e7\u00e3o Psicossocial (CAPS) de Maric\u00e1 tamb\u00e9m est\u00e3o mobilizados, desenvolvendo diversas din\u00e2micas que dialogam com a campanha, envolvendo os usu\u00e1rios dos servi\u00e7os e os trabalhadores desses espa\u00e7os.<\/p>\n","protected":false},"excerpt":{"rendered":"<p>A Prefeitura de Maric\u00e1, por meio da Secretaria de Sa\u00fade, promoveu nesse s\u00e1bado (24\/09) atividades voltadas ao bem-estar mental da<\/p>\n","protected":false},"author":1,"featured_media":43234,"comment_status":"open","ping_status":"open","sticky":false,"template":"","format":"standard","meta":{"colormag_page_container_layout":"default_layout","colormag_page_sidebar_layout":"default_layout","footnotes":""},"categories":[18],"tags":[],"class_list":["post-43232","post","type-post","status-publish","format-standard","has-post-thumbnail","hentry","category-entretenimento"],"amp_enabled":true,"_links":{"self":[{"href":"https:\/\/maricatotal.com.br\/site\/wp-json\/wp\/v2\/posts\/43232","targetHints":{"allow":["GET"]}}],"collection":[{"href":"https:\/\/maricatotal.com.br\/site\/wp-json\/wp\/v2\/posts"}],"about":[{"href":"https:\/\/maricatotal.com.br\/site\/wp-json\/wp\/v2\/types\/post"}],"author":[{"embeddable":true,"href":"https:\/\/maricatotal.com.br\/site\/wp-json\/wp\/v2\/users\/1"}],"replies":[{"embeddable":true,"href":"https:\/\/maricatotal.com.br\/site\/wp-json\/wp\/v2\/comments?post=43232"}],"version-history":[{"count":1,"href":"https:\/\/maricatotal.com.br\/site\/wp-json\/wp\/v2\/posts\/43232\/revisions"}],"predecessor-version":[{"id":43235,"href":"https:\/\/maricatotal.com.br\/site\/wp-json\/wp\/v2\/posts\/43232\/revisions\/43235"}],"wp:featuredmedia":[{"embeddable":true,"href":"https:\/\/maricatotal.com.br\/site\/wp-json\/wp\/v2\/media\/43234"}],"wp:attachment":[{"href":"https:\/\/maricatotal.com.br\/site\/wp-json\/wp\/v2\/media?parent=43232"}],"wp:term":[{"taxonomy":"category","embeddable":true,"href":"https:\/\/maricatotal.com.br\/site\/wp-json\/wp\/v2\/categories?post=43232"},{"taxonomy":"post_tag","embeddable":true,"href":"https:\/\/maricatotal.com.br\/site\/wp-json\/wp\/v2\/tags?post=43232"}],"curies":[{"name":"wp","href":"https:\/\/api.w.org\/{rel}","templated":true}]}}