{"id":43251,"date":"2022-09-25T10:21:58","date_gmt":"2022-09-25T13:21:58","guid":{"rendered":"https:\/\/maricatotal.com.br\/site\/?p=43251"},"modified":"2022-10-06T12:07:13","modified_gmt":"2022-10-06T15:07:13","slug":"acao-no-centro-busca-conscientizacao-e-educacao-no-transito","status":"publish","type":"post","link":"https:\/\/maricatotal.com.br\/site\/2022\/09\/25\/acao-no-centro-busca-conscientizacao-e-educacao-no-transito\/","title":{"rendered":"A\u00e7\u00e3o no Centro busca conscientiza\u00e7\u00e3o e educa\u00e7\u00e3o no tr\u00e2nsito"},"content":{"rendered":"\n<p>A Prefeitura de Maric\u00e1, por meio da Secretaria de Tr\u00e2nsito e Engenharia Vi\u00e1ria, promove neste s\u00e1bado (24\/09) at\u00e9 17h, a\u00e7\u00f5es da Semana Nacional do Tr\u00e2nsito com a montagem de uma minicidade para ensinar regras de tr\u00e2nsito para crian\u00e7as na Pra\u00e7a Orlando de Barros Pimentel, no Centro, e atividades l\u00fadicas. Os eventos, que iniciaram no dia 19\/09, foram planejados para conscientizar a popula\u00e7\u00e3o a respeito das medidas que devem ser adotadas para um tr\u00e2nsito mais seguro e acontecem at\u00e9 domingo (25\/09).<\/p>\n\n\n\n<p>\u201cA partir do momento que a crian\u00e7a come\u00e7a a conviver e ver as regras, ela come\u00e7a a \u2018cobrar\u2019 e \u2018ensinar\u2019 os pais, amigos e conhecidos. As equipes est\u00e3o orientando, sempre dispostas, sobre os riscos de acidentes, que acontecem devido ao uso do telefone na dire\u00e7\u00e3o, embriaguez ao volante, a falta de uso de cinto de seguran\u00e7a, capacetes, equipamentos de seguran\u00e7a e a import\u00e2ncia do pedestre respeitar a faixa e o tr\u00e2nsito\u201d, disse o secret\u00e1rio de Tr\u00e2nsito e Engenharia Vi\u00e1ria, Marcinho da Constru\u00e7\u00e3o.<\/p>\n\n\n\n<p>A minicidade \u00e9 fruto de parceria entre a Companhia de Desenvolvimento de Maric\u00e1 (Codemar), Secretaria de Educa\u00e7\u00e3o e Empresa P\u00fablica de Transportes (EPT), e est\u00e1 dispon\u00edvel para visita\u00e7\u00e3o de todos os moradores da cidade. A Secretaria de Cultura marca presen\u00e7a com show de m\u00e1gicos, animadores e contadores de hist\u00f3ria para os pequenos.<\/p>\n\n\n\n<p>Para o pequeno Luan da Silva, 7 anos, a minicidade mostra sobre a import\u00e2ncia das regras de tr\u00e2nsito. \u201cMuito divertido! Ganhei uma habilita\u00e7\u00e3o e muito conhecimento para ajudar os outros a obedecerem ao tr\u00e2nsito. Agora tamb\u00e9m aprendi a me comportar e obedecer as regras como atravessar s\u00f3 com o sem\u00e1foro verde\u201d, comentou.<\/p>\n","protected":false},"excerpt":{"rendered":"<p>A Prefeitura de Maric\u00e1, por meio da Secretaria de Tr\u00e2nsito e Engenharia Vi\u00e1ria, promove neste s\u00e1bado (24\/09) at\u00e9 17h, a\u00e7\u00f5es<\/p>\n","protected":false},"author":1,"featured_media":43253,"comment_status":"open","ping_status":"open","sticky":false,"template":"","format":"standard","meta":{"colormag_page_container_layout":"default_layout","colormag_page_sidebar_layout":"default_layout","footnotes":""},"categories":[18],"tags":[],"class_list":["post-43251","post","type-post","status-publish","format-standard","has-post-thumbnail","hentry","category-entretenimento"],"amp_enabled":true,"_links":{"self":[{"href":"https:\/\/maricatotal.com.br\/site\/wp-json\/wp\/v2\/posts\/43251","targetHints":{"allow":["GET"]}}],"collection":[{"href":"https:\/\/maricatotal.com.br\/site\/wp-json\/wp\/v2\/posts"}],"about":[{"href":"https:\/\/maricatotal.com.br\/site\/wp-json\/wp\/v2\/types\/post"}],"author":[{"embeddable":true,"href":"https:\/\/maricatotal.com.br\/site\/wp-json\/wp\/v2\/users\/1"}],"replies":[{"embeddable":true,"href":"https:\/\/maricatotal.com.br\/site\/wp-json\/wp\/v2\/comments?post=43251"}],"version-history":[{"count":1,"href":"https:\/\/maricatotal.com.br\/site\/wp-json\/wp\/v2\/posts\/43251\/revisions"}],"predecessor-version":[{"id":43254,"href":"https:\/\/maricatotal.com.br\/site\/wp-json\/wp\/v2\/posts\/43251\/revisions\/43254"}],"wp:featuredmedia":[{"embeddable":true,"href":"https:\/\/maricatotal.com.br\/site\/wp-json\/wp\/v2\/media\/43253"}],"wp:attachment":[{"href":"https:\/\/maricatotal.com.br\/site\/wp-json\/wp\/v2\/media?parent=43251"}],"wp:term":[{"taxonomy":"category","embeddable":true,"href":"https:\/\/maricatotal.com.br\/site\/wp-json\/wp\/v2\/categories?post=43251"},{"taxonomy":"post_tag","embeddable":true,"href":"https:\/\/maricatotal.com.br\/site\/wp-json\/wp\/v2\/tags?post=43251"}],"curies":[{"name":"wp","href":"https:\/\/api.w.org\/{rel}","templated":true}]}}