{"id":43274,"date":"2022-09-26T12:32:45","date_gmt":"2022-09-26T15:32:45","guid":{"rendered":"https:\/\/maricatotal.com.br\/site\/?p=43274"},"modified":"2022-10-06T12:07:48","modified_gmt":"2022-10-06T15:07:48","slug":"super-dia-d-de-vacinacao-mobiliza-milhares-de-maricaenses","status":"publish","type":"post","link":"https:\/\/maricatotal.com.br\/site\/2022\/09\/26\/super-dia-d-de-vacinacao-mobiliza-milhares-de-maricaenses\/","title":{"rendered":"Super Dia D de Vacina\u00e7\u00e3o mobiliza milhares de maricaenses"},"content":{"rendered":"\n<p>A Prefeitura de Maric\u00e1, por meio da Secretaria de Sa\u00fade, promoveu nesse s\u00e1bado (24\/09), o Super Dia \u201cD\u201d, com a vacina\u00e7\u00e3o de 1.360 moradores nas 24 Unidades de Sa\u00fade da Fam\u00edlia (USF), na Unidade M\u00f3vel de Sa\u00fade e na Escola Municipal Romilda Nunes, em Ino\u00e3. Durante a mobiliza\u00e7\u00e3o, 627 pessoas com menos de 15 anos atualizaram a caderneta; 271 crian\u00e7as menores de 5 anos receberam a dose contra a Poliomielite (paralisia infantil); 346 pessoas se vacinaram contra a Covid-19; e outras 124 receberam a dose anual que oferece prote\u00e7\u00e3o ao v\u00edrus Influenza, que provoca a gripe.<\/p>\n\n\n\n<p>O Super Dia D contribuiu para ampliar a cobertura vacinal da cidade, alcan\u00e7ando principalmente as pessoas que t\u00eam dificuldades de comparecer aos polos de imuniza\u00e7\u00e3o durante a semana.<\/p>\n\n\n\n<p>As crian\u00e7as e adolescentes puderam receber 18 tipos de imunizantes que integram a Campanha Nacional de Multivacina\u00e7\u00e3o, se protegendo contra doen\u00e7as como Tuberculose, Febre Amarela, Meningite, Sarampo, Catapora, Caxumba, Rub\u00e9ola, Hepatite A, Hepatite B, dentre outras. As crian\u00e7as de 3 a 11 anos, adolescentes, adultos e idosos, puderam regularizar a vacina\u00e7\u00e3o contra a Covid-19, al\u00e9m da popula\u00e7\u00e3o a partir de seis meses de idade receber a dose anual contra a Influenza.<\/p>\n\n\n\n<p>Durante a manh\u00e3, dezenas de pessoas estiveram na USF S\u00e3o Jos\u00e9 1 para regularizar a situa\u00e7\u00e3o vacinal, principalmente os respons\u00e1veis acompanhando os pequenos. Nathalie Machado de Lacerda, de 37 anos, foi uma delas, levando os g\u00eameos Daniel e Mariana, de 4 anos. Ela destacou a import\u00e2ncia do Super Dia D por oferecer a chance das crian\u00e7as se vacinarem em um s\u00e1bado, dia que facilita a participa\u00e7\u00e3o e proporciona um momento de prote\u00e7\u00e3o em fam\u00edlia.<\/p>\n\n\n\n<p>\u201cAchei excelente ter a oportunidade de vacin\u00e1-los em um s\u00e1bado, j\u00e1 que n\u00e3o conto com tempo dispon\u00edvel durante a semana. Por essa raz\u00e3o, adiei um pouco a ida \u00e0 USF para que eles tomassem a segunda dose contra a Covid-19, mas agora est\u00e3o mais protegidos. Vacinar \u00e9 muito importante e agora me sinto mais tranquila para as crian\u00e7as irem \u00e0 escola e conviverem com os amigos, atividades essenciais\u201d, destacou.<\/p>\n\n\n\n<p>Monique dos Santos, de 29 anos, aproveitou o dia para levar o filho, Miguel Muniz, e o afilhado, Enzo Gabriel, para se imunizarem contra diversas doen\u00e7as, lembrando que os pais devem se conscientizar e aproveitar a oportunidade oferecida no Dia D.<\/p>\n\n\n\n<p>\u201cDurante a semana estamos muito ocupados no trabalho. Aproveitei essa chance para traz\u00ea-los \u00e0 unidade, onde o Enzo recebeu a dose contra a Covid-19 e o Miguel tomou a tr\u00edplice bacteriana (DTP), al\u00e9m de se proteger contra a gripe. O Dia D \u00e9 uma \u00f3tima oportunidade para todos e pretendo comparecer nos pr\u00f3ximos\u201d, acrescentou.<\/p>\n\n\n\n<p><strong>Vacina\u00e7\u00e3o continua para todos os p\u00fablicos<\/strong><\/p>\n\n\n\n<p>A mobiliza\u00e7\u00e3o pela atualiza\u00e7\u00e3o da caderneta de crian\u00e7as e adolescentes menores de 15 anos segue at\u00e9 30\/09 em todas as USF, com a aplica\u00e7\u00e3o de todas as vacinas disponibilizadas pelo Sistema \u00danico de Sa\u00fade (SUS) para a faixa et\u00e1ria. As unidades funcionam de segunda a sexta-feira, das 8h \u00e0s 17h \u2014 com exce\u00e7\u00e3o das USF Central, Ino\u00e3 II e Jardim Atl\u00e2ntico, que vacinam em hor\u00e1rio ampliado at\u00e9 \u00e0s 18h.<\/p>\n\n\n\n<p>A imuniza\u00e7\u00e3o contra a Covid-19 continua para as faixas et\u00e1rias. As crian\u00e7as de 3 a 11 anos podem receber as duas doses nas USF Central, Ino\u00e3 II, Barroco e Bambu\u00ed. Os adolescentes, adultos e idosos devem regularizar a situa\u00e7\u00e3o vacinal em um dos seguintes polos: USF Jardim Atl\u00e2ntico, USF Marinel\u00e2ndia, USF Ch\u00e1cara de Ino\u00e3, USF S\u00e3o Jos\u00e9 2, USF Espraiado (apenas quartas-feiras) ou na Unidade M\u00f3vel de Sa\u00fade, que funciona na Pra\u00e7a Orlando de Barros Pimentel, no Centro.<\/p>\n","protected":false},"excerpt":{"rendered":"<p>A Prefeitura de Maric\u00e1, por meio da Secretaria de Sa\u00fade, promoveu nesse s\u00e1bado (24\/09), o Super Dia \u201cD\u201d, com a<\/p>\n","protected":false},"author":1,"featured_media":43276,"comment_status":"open","ping_status":"open","sticky":false,"template":"","format":"standard","meta":{"colormag_page_container_layout":"default_layout","colormag_page_sidebar_layout":"default_layout","footnotes":""},"categories":[14],"tags":[],"class_list":["post-43274","post","type-post","status-publish","format-standard","has-post-thumbnail","hentry","category-bairros"],"amp_enabled":true,"_links":{"self":[{"href":"https:\/\/maricatotal.com.br\/site\/wp-json\/wp\/v2\/posts\/43274","targetHints":{"allow":["GET"]}}],"collection":[{"href":"https:\/\/maricatotal.com.br\/site\/wp-json\/wp\/v2\/posts"}],"about":[{"href":"https:\/\/maricatotal.com.br\/site\/wp-json\/wp\/v2\/types\/post"}],"author":[{"embeddable":true,"href":"https:\/\/maricatotal.com.br\/site\/wp-json\/wp\/v2\/users\/1"}],"replies":[{"embeddable":true,"href":"https:\/\/maricatotal.com.br\/site\/wp-json\/wp\/v2\/comments?post=43274"}],"version-history":[{"count":1,"href":"https:\/\/maricatotal.com.br\/site\/wp-json\/wp\/v2\/posts\/43274\/revisions"}],"predecessor-version":[{"id":43277,"href":"https:\/\/maricatotal.com.br\/site\/wp-json\/wp\/v2\/posts\/43274\/revisions\/43277"}],"wp:featuredmedia":[{"embeddable":true,"href":"https:\/\/maricatotal.com.br\/site\/wp-json\/wp\/v2\/media\/43276"}],"wp:attachment":[{"href":"https:\/\/maricatotal.com.br\/site\/wp-json\/wp\/v2\/media?parent=43274"}],"wp:term":[{"taxonomy":"category","embeddable":true,"href":"https:\/\/maricatotal.com.br\/site\/wp-json\/wp\/v2\/categories?post=43274"},{"taxonomy":"post_tag","embeddable":true,"href":"https:\/\/maricatotal.com.br\/site\/wp-json\/wp\/v2\/tags?post=43274"}],"curies":[{"name":"wp","href":"https:\/\/api.w.org\/{rel}","templated":true}]}}