{"id":43351,"date":"2022-09-28T09:03:26","date_gmt":"2022-09-28T12:03:26","guid":{"rendered":"https:\/\/maricatotal.com.br\/site\/?p=43351"},"modified":"2022-10-06T12:09:17","modified_gmt":"2022-10-06T15:09:17","slug":"guarda-municipal-de-marica-realizou-mais-de-1-500-visitas-a-unidades-escolares-neste-ano","status":"publish","type":"post","link":"https:\/\/maricatotal.com.br\/site\/2022\/09\/28\/guarda-municipal-de-marica-realizou-mais-de-1-500-visitas-a-unidades-escolares-neste-ano\/","title":{"rendered":"Guarda Municipal de Maric\u00e1 realizou mais de 1.500 visitas a unidades escolares neste ano"},"content":{"rendered":"\n<p>O Grupamento de Ronda Escolar da Guarda Municipal de Maric\u00e1 realizou 1.581 visitas a unidades escolares, at\u00e9 26 de setembro deste ano, para realiza\u00e7\u00e3o de a\u00e7\u00f5es preventivas de seguran\u00e7a, aux\u00edlio a professores, palestras educativas, entre outras atividades. A institui\u00e7\u00e3o \u00e9 vinculada \u00e0 Secretaria de Ordem P\u00fablica e Gest\u00e3o de Gabinete Institucional (Seop).<\/p>\n\n\n\n<p>Criado em 2003, o grupamento conta com 13 agentes divididos em tr\u00eas grupos que atuam de forma intercalada em duas rotas: Centro X Jacon\u00e9 e Centro X Itaipua\u00e7u, totalizando 76 escolas; 65 municipais, dez estaduais e uma federal. A unidade conta com duas viaturas.<\/p>\n\n\n\n<p>\u201cN\u00f3s visitamos \u00e0s escolas para fazer um papel tanto pedag\u00f3gico quanto de seguran\u00e7a p\u00fablica. Auxiliamos as diretoras em ocorr\u00eancias e orientamos os alunos sobre a import\u00e2ncia de obedecer \u00e0s instru\u00e7\u00f5es dadas por professores e diretores. Esse contato \u00e9 essencial para o desenvolvimento das crian\u00e7as e adolescentes, pela proximidade com a Guarda Municipal, que \u00e9 um \u00f3rg\u00e3o que representa a Prefeitura. N\u00f3s somos a Prefeitura dentro do col\u00e9gio\u201d, explica o guarda municipal, Rafael Martins, que \u00e9 integrante da Ronda Escolar.<\/p>\n\n\n\n<p><strong>Trabalho reconhecido dentro e fora da escola&nbsp;<\/strong><\/p>\n\n\n\n<p>Para Deise Brito, diretora da Casa da Crian\u00e7a de Ino\u00e3, esse trabalho \u00e9 muito importante. \u201cAs pessoas t\u00eam a no\u00e7\u00e3o de guarda municipal no tr\u00e2nsito, mas s\u00e3o v\u00e1rias reparti\u00e7\u00f5es. A Ronda Escolar tem sido muito \u00fatil porque com a vinda deles, acabaram os casos de furtos de celulares por aqui\u201d, disse a diretora.<\/p>\n\n\n\n<p>M\u00e3e de aluno e moradora de Ino\u00e3, Renata Santos concorda com a diretora. \u201cA presen\u00e7a deles traz seguran\u00e7a e isso \u00e9 primordial. Seguran\u00e7a para os pais e respons\u00e1veis, para moradores e para as pessoas que trabalham na escola. Isso \u00e9 muito importante\u201d, afirmou.<\/p>\n\n\n\n<p>A diretora adjunta da Escola Municipalizada de Ino\u00e3, Ant\u00f4nia Rocha, destaca o apoio que os profissionais oferecem em situa\u00e7\u00f5es delicadas ou de conflito. \u201cA intermedia\u00e7\u00e3o da Ronda Escolar para resolu\u00e7\u00e3o de conflitos \u00e9 muito importante. Os guardas ajudam demais dando seguran\u00e7a aos profissionais\u201d, avalia.<\/p>\n\n\n\n<p><strong>Refer\u00eancia para os alunos<\/strong><\/p>\n\n\n\n<p>A import\u00e2ncia do servi\u00e7o realizado pela Guarda Municipal nas escolas reflete na opini\u00e3o dos alunos, que aprendem sobre diversos assuntos com as visitas e as palestras feitas pelos agentes. \u201cEles ensinam v\u00e1rias coisas para a gente sobre n\u00e3o brigar e bullyings\u201d, conta Pietro Ruan, 9 anos. \u201cOs guardas falam que \u00e9 pra respeitar os outros e ficar bem, e que n\u00e3o \u00e9 para brigar com o colega\u201d, completa Rian Santos, 8 anos.<\/p>\n\n\n\n<p>Os agentes que atuam no grupamento tamb\u00e9m ressaltam que, muitas vezes, a atua\u00e7\u00e3o nas escolas fazem com que se tornem verdadeiros amigos dos alunos. \u201cOs pequenos adoram receber a gente. Alguns pedem aut\u00f3grafo, outros pedem abra\u00e7o, falam que tem o sonho de ser guarda, de ser policial. Mas na maioria das vezes, eles encontram na gente uma refer\u00eancia e querem conversar mesmo. J\u00e1 aconteceu de eu estar no banheiro e uma menina vir pedir conselhos sobre a vida e contar o que est\u00e1 acontecendo\u201d, lembra a guarda municipal Dafne Soares, que tamb\u00e9m integra o grupamento.<\/p>\n","protected":false},"excerpt":{"rendered":"<p>O Grupamento de Ronda Escolar da Guarda Municipal de Maric\u00e1 realizou 1.581 visitas a unidades escolares, at\u00e9 26 de setembro<\/p>\n","protected":false},"author":1,"featured_media":43352,"comment_status":"open","ping_status":"open","sticky":false,"template":"","format":"standard","meta":{"colormag_page_container_layout":"default_layout","colormag_page_sidebar_layout":"default_layout","footnotes":""},"categories":[17],"tags":[],"class_list":["post-43351","post","type-post","status-publish","format-standard","has-post-thumbnail","hentry","category-politica"],"amp_enabled":true,"_links":{"self":[{"href":"https:\/\/maricatotal.com.br\/site\/wp-json\/wp\/v2\/posts\/43351","targetHints":{"allow":["GET"]}}],"collection":[{"href":"https:\/\/maricatotal.com.br\/site\/wp-json\/wp\/v2\/posts"}],"about":[{"href":"https:\/\/maricatotal.com.br\/site\/wp-json\/wp\/v2\/types\/post"}],"author":[{"embeddable":true,"href":"https:\/\/maricatotal.com.br\/site\/wp-json\/wp\/v2\/users\/1"}],"replies":[{"embeddable":true,"href":"https:\/\/maricatotal.com.br\/site\/wp-json\/wp\/v2\/comments?post=43351"}],"version-history":[{"count":1,"href":"https:\/\/maricatotal.com.br\/site\/wp-json\/wp\/v2\/posts\/43351\/revisions"}],"predecessor-version":[{"id":43353,"href":"https:\/\/maricatotal.com.br\/site\/wp-json\/wp\/v2\/posts\/43351\/revisions\/43353"}],"wp:featuredmedia":[{"embeddable":true,"href":"https:\/\/maricatotal.com.br\/site\/wp-json\/wp\/v2\/media\/43352"}],"wp:attachment":[{"href":"https:\/\/maricatotal.com.br\/site\/wp-json\/wp\/v2\/media?parent=43351"}],"wp:term":[{"taxonomy":"category","embeddable":true,"href":"https:\/\/maricatotal.com.br\/site\/wp-json\/wp\/v2\/categories?post=43351"},{"taxonomy":"post_tag","embeddable":true,"href":"https:\/\/maricatotal.com.br\/site\/wp-json\/wp\/v2\/tags?post=43351"}],"curies":[{"name":"wp","href":"https:\/\/api.w.org\/{rel}","templated":true}]}}