{"id":43355,"date":"2022-09-28T09:05:29","date_gmt":"2022-09-28T12:05:29","guid":{"rendered":"https:\/\/maricatotal.com.br\/site\/?p=43355"},"modified":"2022-10-06T12:09:21","modified_gmt":"2022-10-06T15:09:21","slug":"volei-feminino-do-marica-esporte-competicoes-garante-classificacao-com-vitorias-no-estadual","status":"publish","type":"post","link":"https:\/\/maricatotal.com.br\/site\/2022\/09\/28\/volei-feminino-do-marica-esporte-competicoes-garante-classificacao-com-vitorias-no-estadual\/","title":{"rendered":"V\u00f4lei feminino do Maric\u00e1 Esporte Competi\u00e7\u00f5es garante classifica\u00e7\u00e3o com vit\u00f3rias no Estadual"},"content":{"rendered":"\n<p>Atletas dos times femininos de v\u00f4lei sub-18 e sub-21 do Maric\u00e1 Esporte Competi\u00e7\u00f5es disputaram no \u00faltimo domingo (25\/09), a quinta e a sexta rodadas do Campeonato Estadual da Liga de Voleibol do Estado do Rio de Janeiro (Liverj), na Marina Barra Clube, Barra da Tijuca, capital do Rio.<\/p>\n\n\n\n<p>A equipe sub-18 venceu o Supernova por 2 sets a 0, parciais de 25-18 e 25-6 e garantiu a classifica\u00e7\u00e3o para as finais da Ta\u00e7a Prata. J\u00e1 o time sub-21 teve um pouco mais de trabalho e venceu o Nova Igua\u00e7u por 2 sets a 1, parciais de 25-14, 16-25 e 15-11, e tamb\u00e9m garantiu a classifica\u00e7\u00e3o para a semifinal da Ta\u00e7a Ouro.<\/p>\n\n\n\n<p>\u201cDomingo foi dia de nervos a flor da pele por ser o \u00faltimo jogo da fase de classifica\u00e7\u00e3o que iria definir os confrontos de semifinal. No time adulto feminino, n\u00f3s t\u00ednhamos a miss\u00e3o de vencer ou vencer e as meninas deram um show na quadra. Vencendo o primeiro jogo contra o Supernova impondo nosso ritmo do in\u00edcio ao fim e no segundo sab\u00edamos que seria pauleira, pois foi contra um dos advers\u00e1rios mais fortes do campeonato, o Nova Igua\u00e7u. E foi lindo ver as meninas jogando, com boas sequ\u00eancias de saque e viradas de bola conseguimos vencer o jogo no tie-break do terceiro set.\u201d Comentou Vinicius Petrutes, treinador do time.<\/p>\n\n\n\n<p>O time \u00e9 mantido pela Prefeitura de Maric\u00e1 e surgiu como iniciativa para aproveitar potenciais talentos oriundos de outros projetos socioesportivos promovidos pela Secretaria de Esporte e Lazer. Os atletas s\u00e3o descobertos na \u201cescolinha\u201d e elevados ao patamar de equipe, onde iniciam sua vida competitiva. Contemplando cinco modalidades \u2013 futebol, futsal, gin\u00e1stica r\u00edtmica, karat\u00ea e v\u00f4lei \u2013, os at\u00e9 ent\u00e3o alunos da escolinha, tornam-se atletas e passam a receber treinamento espec\u00edfico visando competi\u00e7\u00f5es, suporte m\u00e9dico, material, uniforme, al\u00e9m das demandas necess\u00e1rias (inscri\u00e7\u00e3o, arbitragem, alimenta\u00e7\u00e3o e transporte).<\/p>\n\n\n\n<p><strong>Confira os resultados<\/strong><\/p>\n\n\n\n<p>V\u00f4lei Feminino sub-18<br>Maric\u00e1 2\u00d70 Supernova (25-18, 25-6)<br>Destaque: Maria Eduarda Oliveira<\/p>\n\n\n\n<p>V\u00f4lei Feminino sub-21<br>Maric\u00e1 2 x 1 Nova Igua\u00e7u (25-14, 16-25, 15-11)<br>Destaque da partida: Clara Dantas<\/p>\n","protected":false},"excerpt":{"rendered":"<p>Atletas dos times femininos de v\u00f4lei sub-18 e sub-21 do Maric\u00e1 Esporte Competi\u00e7\u00f5es disputaram no \u00faltimo domingo (25\/09), a quinta<\/p>\n","protected":false},"author":1,"featured_media":43356,"comment_status":"open","ping_status":"open","sticky":false,"template":"","format":"standard","meta":{"colormag_page_container_layout":"default_layout","colormag_page_sidebar_layout":"default_layout","footnotes":""},"categories":[15],"tags":[],"class_list":["post-43355","post","type-post","status-publish","format-standard","has-post-thumbnail","hentry","category-esporte"],"amp_enabled":true,"_links":{"self":[{"href":"https:\/\/maricatotal.com.br\/site\/wp-json\/wp\/v2\/posts\/43355","targetHints":{"allow":["GET"]}}],"collection":[{"href":"https:\/\/maricatotal.com.br\/site\/wp-json\/wp\/v2\/posts"}],"about":[{"href":"https:\/\/maricatotal.com.br\/site\/wp-json\/wp\/v2\/types\/post"}],"author":[{"embeddable":true,"href":"https:\/\/maricatotal.com.br\/site\/wp-json\/wp\/v2\/users\/1"}],"replies":[{"embeddable":true,"href":"https:\/\/maricatotal.com.br\/site\/wp-json\/wp\/v2\/comments?post=43355"}],"version-history":[{"count":1,"href":"https:\/\/maricatotal.com.br\/site\/wp-json\/wp\/v2\/posts\/43355\/revisions"}],"predecessor-version":[{"id":43357,"href":"https:\/\/maricatotal.com.br\/site\/wp-json\/wp\/v2\/posts\/43355\/revisions\/43357"}],"wp:featuredmedia":[{"embeddable":true,"href":"https:\/\/maricatotal.com.br\/site\/wp-json\/wp\/v2\/media\/43356"}],"wp:attachment":[{"href":"https:\/\/maricatotal.com.br\/site\/wp-json\/wp\/v2\/media?parent=43355"}],"wp:term":[{"taxonomy":"category","embeddable":true,"href":"https:\/\/maricatotal.com.br\/site\/wp-json\/wp\/v2\/categories?post=43355"},{"taxonomy":"post_tag","embeddable":true,"href":"https:\/\/maricatotal.com.br\/site\/wp-json\/wp\/v2\/tags?post=43355"}],"curies":[{"name":"wp","href":"https:\/\/api.w.org\/{rel}","templated":true}]}}