{"id":43359,"date":"2022-09-28T09:09:50","date_gmt":"2022-09-28T12:09:50","guid":{"rendered":"https:\/\/maricatotal.com.br\/site\/?p=43359"},"modified":"2022-10-06T12:09:24","modified_gmt":"2022-10-06T15:09:24","slug":"conexao-rio-marica-estreia-na-sala-municipal-baden-powell-em-copacabana","status":"publish","type":"post","link":"https:\/\/maricatotal.com.br\/site\/2022\/09\/28\/conexao-rio-marica-estreia-na-sala-municipal-baden-powell-em-copacabana\/","title":{"rendered":"Conex\u00e3o Rio-Maric\u00e1 estreia na Sala Municipal Baden Powell, em Copacabana"},"content":{"rendered":"\n<p>Artistas maricaenses participam da primeira edi\u00e7\u00e3o do Conex\u00e3o Rio-Maric\u00e1, que estreia nesta quinta-feira (29\/09), a partir das 19h, na Sala Municipal Baden Powell, em Copacabana, Zona Sul do Rio. Com apoio cultural da Prefeitura do Rio de Janeiro, o projeto \u00e9 uma parceria entre as Secretarias de Cultura das duas cidades e tem por objetivo reunir m\u00fasicos cariocas e maricaenses para tocarem no mesmo palco, em shows e homenagens a diversos g\u00eaneros musicais.<\/p>\n\n\n\n<p>O rock ser\u00e1 a estrela principal do Conex\u00e3o Rio-Maric\u00e1 com show do cantor e compositor Arnaldo Brand\u00e3o, padrinho desta primeira edi\u00e7\u00e3o. Em mais de 50 anos de carreira, ele comp\u00f4s sete m\u00fasicas com Cazuza, entre elas \u201cO Tempo N\u00e3o Para\u201d. No show, Arnaldo se apresentar\u00e1 junto com a Falange Coliseo e participa\u00e7\u00e3o especial de Tavinho Paes, Fausto Fawcett e Marcela Giannini, que apresenta o show Psicopop, festa de m\u00fasica e poesia.<\/p>\n\n\n\n<p>\u201cO projeto coloca lado a lado novos talentos art\u00edsticos e grandes nomes j\u00e1 consagrados num verdadeiro arquivo vivo da arte brasileira\u201d, disse o secret\u00e1rio de Cultura de Maric\u00e1, Sady Bianchin.<\/p>\n\n\n\n<p><strong>Programa\u00e7\u00e3o:<\/strong><\/p>\n\n\n\n<p><strong>Quinta-feira (29\/09)<\/strong><\/p>\n\n\n\n<p>19h \u2013 Roberta Tilio e banda<br>Leandro Bruno<\/p>\n\n\n\n<p>20h \u2013 Arnaldo Brand\u00e3o e a Falange Coliseo<br>Participa\u00e7\u00e3o especial de Tavinho Paes, Fausto Fawcet e Marcela Giannini<br>no show Psicopop, a festa de m\u00fasica e poesia<\/p>\n\n\n\n<p><strong>Sexta-feira (30\/09)<\/strong><\/p>\n\n\n\n<p>19h \u2013 Lalinha<br>Banda Mamuttes<\/p>\n\n\n\n<p>20h \u2013 Arnaldo Brand\u00e3o e a Falange Coliseo<br>Participa\u00e7\u00e3o especial de Tavinho Paes, Fausto Fawcet e Marcela Giannini<br>no show Psicopop, a festa de m\u00fasica e poesia<\/p>\n\n\n\n<p><strong>Servi\u00e7o:<\/strong><br>Dias 29 e 30\/09<br>Hora: 19h<br>Local: Sala Municipal Baden Powell<br>Endere\u00e7o: Av. Nossa Sra. de Copacabana, 360 \u2013 Copacabana<br>Classifica\u00e7\u00e3o: 14 anos<br>Ingressos: R$ 5 (inteira) \/ R$ 2,50 (meia)<\/p>\n","protected":false},"excerpt":{"rendered":"<p>Artistas maricaenses participam da primeira edi\u00e7\u00e3o do Conex\u00e3o Rio-Maric\u00e1, que estreia nesta quinta-feira (29\/09), a partir das 19h, na Sala<\/p>\n","protected":false},"author":1,"featured_media":43361,"comment_status":"open","ping_status":"open","sticky":false,"template":"","format":"standard","meta":{"colormag_page_container_layout":"default_layout","colormag_page_sidebar_layout":"default_layout","footnotes":""},"categories":[18],"tags":[],"class_list":["post-43359","post","type-post","status-publish","format-standard","has-post-thumbnail","hentry","category-entretenimento"],"amp_enabled":true,"_links":{"self":[{"href":"https:\/\/maricatotal.com.br\/site\/wp-json\/wp\/v2\/posts\/43359","targetHints":{"allow":["GET"]}}],"collection":[{"href":"https:\/\/maricatotal.com.br\/site\/wp-json\/wp\/v2\/posts"}],"about":[{"href":"https:\/\/maricatotal.com.br\/site\/wp-json\/wp\/v2\/types\/post"}],"author":[{"embeddable":true,"href":"https:\/\/maricatotal.com.br\/site\/wp-json\/wp\/v2\/users\/1"}],"replies":[{"embeddable":true,"href":"https:\/\/maricatotal.com.br\/site\/wp-json\/wp\/v2\/comments?post=43359"}],"version-history":[{"count":1,"href":"https:\/\/maricatotal.com.br\/site\/wp-json\/wp\/v2\/posts\/43359\/revisions"}],"predecessor-version":[{"id":43362,"href":"https:\/\/maricatotal.com.br\/site\/wp-json\/wp\/v2\/posts\/43359\/revisions\/43362"}],"wp:featuredmedia":[{"embeddable":true,"href":"https:\/\/maricatotal.com.br\/site\/wp-json\/wp\/v2\/media\/43361"}],"wp:attachment":[{"href":"https:\/\/maricatotal.com.br\/site\/wp-json\/wp\/v2\/media?parent=43359"}],"wp:term":[{"taxonomy":"category","embeddable":true,"href":"https:\/\/maricatotal.com.br\/site\/wp-json\/wp\/v2\/categories?post=43359"},{"taxonomy":"post_tag","embeddable":true,"href":"https:\/\/maricatotal.com.br\/site\/wp-json\/wp\/v2\/tags?post=43359"}],"curies":[{"name":"wp","href":"https:\/\/api.w.org\/{rel}","templated":true}]}}