{"id":43384,"date":"2022-09-28T14:25:30","date_gmt":"2022-09-28T17:25:30","guid":{"rendered":"https:\/\/maricatotal.com.br\/site\/?p=43384"},"modified":"2022-10-06T12:09:50","modified_gmt":"2022-10-06T15:09:50","slug":"campanha-de-multivacinacao-de-criancas-e-adolescentes-continua-ate-sexta-feira-em-marica","status":"publish","type":"post","link":"https:\/\/maricatotal.com.br\/site\/2022\/09\/28\/campanha-de-multivacinacao-de-criancas-e-adolescentes-continua-ate-sexta-feira-em-marica\/","title":{"rendered":"Campanha de Multivacina\u00e7\u00e3o de crian\u00e7as e adolescentes continua at\u00e9 sexta-feira em Maric\u00e1\u00a0"},"content":{"rendered":"\n<p>A Prefeitura de Maric\u00e1, por meio da Secretaria de Sa\u00fade, deu in\u00edcio \u00e0 \u00faltima etapa da Campanha de Multivacina\u00e7\u00e3o de crian\u00e7as e adolescentes menores de 15 anos, que segue at\u00e9 a sexta-feira (30\/09) em todas as Unidades de Sa\u00fade da Fam\u00edlia (USF), atualizando a caderneta desse p\u00fablico das 8h \u00e0s 17h \u2014 com exce\u00e7\u00e3o das USF Central, Ino\u00e3 II e Jardim Atl\u00e2ntico, que vacinam em hor\u00e1rio estendido, at\u00e9 \u00e0s 18h. Durante a mobiliza\u00e7\u00e3o, s\u00e3o disponibilizadas 18 tipos de vacinas previstas no Programa Nacional de Imuniza\u00e7\u00e3o (PNI) para a faixa et\u00e1ria, que protegem contra doen\u00e7as como Poliomielite (paralisia infantil), Tuberculose, Febre Amarela, Meningite, Sarampo, Catapora, Caxumba, Rub\u00e9ola, Hepatite A, Hepatite B, dentre outras.<\/p>\n\n\n\n<p>At\u00e9 o momento, mais de 4.200 crian\u00e7as com menos de 5 anos receberam a dose de prote\u00e7\u00e3o contra a Poliomielite e cerca de 8.200 pessoas menores de 15 anos atualizaram a caderneta com as vacinas de rotina.<\/p>\n\n\n\n<p>A secret\u00e1ria de Sa\u00fade, Solange Oliveira, ressaltou a import\u00e2ncia dos respons\u00e1veis se conscientizarem e aproveitarem os \u00faltimos dias da campanha para levar as crian\u00e7as e adolescentes para atualizar a caderneta de vacina\u00e7\u00e3o, a\u00e7\u00e3o fundamental para garantir mais prote\u00e7\u00e3o a esse p\u00fablico no dia a dia.<\/p>\n\n\n\n<p>\u201cChegamos aos momentos finais da Campanha de Multivacina\u00e7\u00e3o, mobiliza\u00e7\u00e3o nacional fundamental para ampliar a cobertura vacinal de crian\u00e7as e adolescentes contra diversas doen\u00e7as. Nesse per\u00edodo, disponibilizamos nas unidades de sa\u00fade dos quatro distritos todas as vacinas previstas na caderneta da faixa et\u00e1ria, facilitando o acesso e eliminando barreiras relacionadas ao deslocamento. A vacina\u00e7\u00e3o \u00e9 o nosso principal mecanismo para nos mantermos seguros e pe\u00e7o para que a popula\u00e7\u00e3o se una a essa luta. N\u00e3o perca a chance oferecida pela campanha; procure a unidade mais pr\u00f3xima de casa e fortale\u00e7a a prote\u00e7\u00e3o dos menores de 15 anos!\u201d, afirmou.<\/p>\n\n\n\n<p><strong>Endere\u00e7os das Unidades de Sa\u00fade da Fam\u00edlia<\/strong><\/p>\n\n\n\n<p>\u2013 USF Barroco: Rua Get\u00falio Vargas (antiga Rua 2), lote 13, quadra 4, casa 2, Itaipua\u00e7u.<br>\u2013 USF Central: Rua Cl\u00edmaco Pereira, 241, Centro.<br>\u2013 USF Bairro da Amizade: Rua 53, Lt 31, Qd 91.<br>\u2013 USF Bambu\u00ed: Av. do Contorno, s\/n.<br>\u2013 USF Barra: Rua 04, Lt 03, Qd 0, Barra de Maric\u00e1.<br>\u2013 USF Espraiado: Rua Gualberto Batista de Macedo, s\/n\u00ba.<br>\u2013 USF Guaratiba: Est. Beira da Lagoa, s\/n\u00ba.<br>\u2013 USF Ino\u00e3 I: Rua Caio Figueiredo, s\/n\u00ba (Travessa CIEP).<br>\u2013 USF Ino\u00e3 II: Rodovia Amaral Peixoto, km 14, s\/n\u00ba, (ao lado do DPO).<br>\u2013 USF Mumbuca: Rua Hip\u00f3lito de Abreu Rangel, s\/n\u00ba<br>\u2013 USF Marinel\u00e2ndia: Rua Nove, Quadra 15, Cordeirinho.<br>\u2013 USF Ponta Negra: Rua Alceb\u00edades Teodoro Pereira, s\/n\u00ba.<br>\u2013 USF Ponta Grossa: Rua Irineu Ferreira Pinto, s\/n\u00ba.<br>\u2013 USF Retiro: Estrada do Retiro, s\/n\u00ba.<br>\u2013 USF Recanto: Rua Dirceu Fernandes Pinto, 215.<br>\u2013 USF Santa Paula: Estrada de Cassorotiba, s\/n\u00ba.<br>\u2013 USF Ubatiba: Av. Niter\u00f3i, s\/n\u00ba.<br>\u2013 USF Ch\u00e1cara de Ino\u00e3: Rodovia Amaral Peixoto, km 16. (ao lado do Polo Mania), Ino\u00e3.<br>\u2013 USF S\u00e3o Jos\u00e9 I: Rua Isaac Lannes da Silva, s\/n\u00ba.<br>\u2013 USF Jardim Atl\u00e2ntico: Rua 36, lote 01, quadra 206, Itaipua\u00e7u.<br>\u2013 USF Santa Rita: Rua Ant\u00f4nio Marques Mathias, s\/n\u00ba.<br>\u2013 USF S\u00e3o Jos\u00e9 II: Estrada da Cachoeira, s\/n\u00ba.<br>\u2013 USF Carlos Marighella: Rua \u00c1ustria, s\/n\u00ba.<br>\u2013 USF Elenir Umbelino de Mello (Flamengo): Rua Ary Sp\u00edndola, quadra A, lote 352, Flamengo.<\/p>\n","protected":false},"excerpt":{"rendered":"<p>A Prefeitura de Maric\u00e1, por meio da Secretaria de Sa\u00fade, deu in\u00edcio \u00e0 \u00faltima etapa da Campanha de Multivacina\u00e7\u00e3o de<\/p>\n","protected":false},"author":1,"featured_media":43385,"comment_status":"open","ping_status":"open","sticky":false,"template":"","format":"standard","meta":{"colormag_page_container_layout":"default_layout","colormag_page_sidebar_layout":"default_layout","footnotes":""},"categories":[14],"tags":[],"class_list":["post-43384","post","type-post","status-publish","format-standard","has-post-thumbnail","hentry","category-bairros"],"amp_enabled":true,"_links":{"self":[{"href":"https:\/\/maricatotal.com.br\/site\/wp-json\/wp\/v2\/posts\/43384","targetHints":{"allow":["GET"]}}],"collection":[{"href":"https:\/\/maricatotal.com.br\/site\/wp-json\/wp\/v2\/posts"}],"about":[{"href":"https:\/\/maricatotal.com.br\/site\/wp-json\/wp\/v2\/types\/post"}],"author":[{"embeddable":true,"href":"https:\/\/maricatotal.com.br\/site\/wp-json\/wp\/v2\/users\/1"}],"replies":[{"embeddable":true,"href":"https:\/\/maricatotal.com.br\/site\/wp-json\/wp\/v2\/comments?post=43384"}],"version-history":[{"count":1,"href":"https:\/\/maricatotal.com.br\/site\/wp-json\/wp\/v2\/posts\/43384\/revisions"}],"predecessor-version":[{"id":43386,"href":"https:\/\/maricatotal.com.br\/site\/wp-json\/wp\/v2\/posts\/43384\/revisions\/43386"}],"wp:featuredmedia":[{"embeddable":true,"href":"https:\/\/maricatotal.com.br\/site\/wp-json\/wp\/v2\/media\/43385"}],"wp:attachment":[{"href":"https:\/\/maricatotal.com.br\/site\/wp-json\/wp\/v2\/media?parent=43384"}],"wp:term":[{"taxonomy":"category","embeddable":true,"href":"https:\/\/maricatotal.com.br\/site\/wp-json\/wp\/v2\/categories?post=43384"},{"taxonomy":"post_tag","embeddable":true,"href":"https:\/\/maricatotal.com.br\/site\/wp-json\/wp\/v2\/tags?post=43384"}],"curies":[{"name":"wp","href":"https:\/\/api.w.org\/{rel}","templated":true}]}}