{"id":43443,"date":"2022-09-30T08:34:34","date_gmt":"2022-09-30T11:34:34","guid":{"rendered":"https:\/\/maricatotal.com.br\/site\/?p=43443"},"modified":"2022-10-06T12:11:02","modified_gmt":"2022-10-06T15:11:02","slug":"marica-monta-operacao-especial-para-eleicoes-no-domingo","status":"publish","type":"post","link":"https:\/\/maricatotal.com.br\/site\/2022\/09\/30\/marica-monta-operacao-especial-para-eleicoes-no-domingo\/","title":{"rendered":"Maric\u00e1 monta opera\u00e7\u00e3o especial para elei\u00e7\u00f5es no domingo"},"content":{"rendered":"\n<p>A Prefeitura de Maric\u00e1 montou uma opera\u00e7\u00e3o especial de tr\u00e2nsito, transporte e ordenamento urbano para auxiliar os cidad\u00e3os que ir\u00e3o votar neste domingo (02\/10) e apoiar o Tribunal Regional Eleitoral (TRE). A opera\u00e7\u00e3o integrada envolver\u00e1 270 agentes da Guarda Municipal, al\u00e9m de profissionais das secretarias de Ordem P\u00fablica e Gest\u00e3o de Gabinete Institucional (Seop) e de Tr\u00e2nsito e Engenharia Vi\u00e1ria (Sectran), com atua\u00e7\u00e3o nos 37 locais de vota\u00e7\u00e3o e acessos.<\/p>\n\n\n\n<p>Para facilitar o deslocamento dos eleitores, a Empresa P\u00fablica de Transporte (EPT) estar\u00e1 com 100% da frota nas ruas e vai disponibilizar hor\u00e1rios extras dos \u00f4nibus vermelhinhos das linhas de Ponta Negra (Via Cordeirinho), Ara\u00e7atiba e Ino\u00e3 x Itaipua\u00e7u.<\/p>\n\n\n\n<p>\u201cMaric\u00e1 tem mais de 140 mil eleitores aptos para votar nas elei\u00e7\u00f5es deste domingo e a EPT vai operar de forma especial para garantir que todo eleitor possa chegar com tranquilidade e seguran\u00e7a ao seu local de vota\u00e7\u00e3o\u201d, afirma Celso Haddad, presidente da EPT.<\/p>\n\n\n\n<p><strong>Interdi\u00e7\u00f5es vi\u00e1rias<\/strong><\/p>\n\n\n\n<p>A Secretaria de Tr\u00e2nsito e Engenharia Vi\u00e1ria (Sectran) inicia as interdi\u00e7\u00f5es das vias pr\u00f3ximas ao cart\u00f3rio eleitoral de Maric\u00e1 a partir de s\u00e1bado (1\u00ba\/10), com sinaliza\u00e7\u00e3o e orienta\u00e7\u00e3o aos motoristas e pedestres. A Av. Roberto Silveira \u2013 no trecho que entre a Rua Ant\u00f4nio Lopes Fontoura e o CIEP 259 Maria do Amparo Rangel e Souza, ao lado da Rodovi\u00e1ria do Povo, no Centro \u2013 estar\u00e1 interditada das 6h \u00e0s 18h de s\u00e1bado (1\u00ba\/10), e das 6h at\u00e9 a meia noite de domingo (02\/10). Apenas ve\u00edculos credenciados pela Justi\u00e7a Eleitoral e moradores devidamente identificados ter\u00e3o passagem liberada pelos agentes de tr\u00e2nsito. Os motoristas dever\u00e3o apresentar o comprovante de resid\u00eancia.<\/p>\n\n\n\n<p>A Rua En\u00e9as Lopes da Fontoura, paralela \u00e0 Av. Roberta Silveira, tamb\u00e9m estar\u00e1 com acesso bloqueado entre a Rua Ant\u00f4nio Lopes da Fontoura e a Rua M\u00e1rio Lopes da Fontoura. O mesmo acontece com um trecho, que compreende a Rua Cec\u00edlia Fontoura e a Rua En\u00e9as Lopes da Fontoura e entre a Rua M\u00e1rio Lopes da Fontoura e a Av. Roberto Silveira, onde est\u00e1 localizada a Faculdade Maric\u00e1 (antiga Universidade Severino Sombra).<\/p>\n\n\n\n<p>No domingo (02\/10), haver\u00e1 interdi\u00e7\u00e3o parcial pr\u00f3xima \u00e0 Pra\u00e7a Conselheiro Macedo Soares, para que as pessoas que precisam ter acesso \u00e0 Rodovi\u00e1ria consigam trafegar. J\u00e1 o acesso ao bairro Flamengo s\u00f3 ser\u00e1 permitido pela RJ 106. Todos os locais estar\u00e3o devidamente sinalizados e contar\u00e3o com a presen\u00e7a de agentes e orientadores de tr\u00e2nsito.<\/p>\n\n\n\n<p><strong>Frota completa nas ruas e hor\u00e1rios extras<\/strong><\/p>\n\n\n\n<p>O itiner\u00e1rio das linhas de \u00f4nibus que passam pelo Flamengo ter\u00e1 seu percurso alterado no s\u00e1bado (1\u00ba\/10) das 11h \u00e0s 18h, e no domingo (02\/10) das 6h at\u00e9 a meia noite. Quando estiverem a caminho da Rodovi\u00e1ria do Centro, os coletivos passar\u00e3o pela Av. Roberto Silveira em dire\u00e7\u00e3o \u00e0 Rua Ary Spindola. De l\u00e1, seguir\u00e3o pelas ruas Dom\u00edcio da Gama e Ribeiro de Almeida at\u00e9 chegar ao seu destino final. Na sa\u00edda da Rodovi\u00e1ria, os vermelhinhos seguir\u00e3o em dire\u00e7\u00e3o ao Boulevard Shopping. O percurso segue pela Rua Abreu Sodr\u00e9, passa pela rotat\u00f3ria da Mumbuca na Av. Francisco Sabino da Costa e segue pelas ruas Dom\u00edcio da Gama, Ary Spindola e Av. Roberto Silveira em dire\u00e7\u00e3o a RJ 106.<\/p>\n\n\n\n<p>No domingo (02\/10), a frota da Empresa P\u00fablica de Transportes (EPT) vai estar 100% nas ruas, seguindo os hor\u00e1rios em que o servi\u00e7o \u00e9 oferecido nos dias \u00fateis. Ser\u00e3o 115 vermelhinhos circulando por toda cidade. A opera\u00e7\u00e3o especial tamb\u00e9m vai contar com hor\u00e1rios extras nas linhas E02A (Expresso Ponta Negra via Cordeirinho), E11 (Ara\u00e7atiba) e E16 (MCMV Ino\u00e3 X MCMV Itaipua\u00e7u) durante todo o per\u00edodo de vota\u00e7\u00e3o.<\/p>\n\n\n\n<p><strong>Hor\u00e1rios extras<\/strong><\/p>\n\n\n\n<p><strong>E02A \u2013 Ponta Negra (Expresso via Cordeirinho)<\/strong><\/p>\n\n\n\n<p>08h10 \/ 08h30 \/ 08h50 \/ 09h10 \/ 09h30 \/ 09h50 \/ 10h10 \/ 10h30 \/ 10h50 \/ 11h10 \/ 11h30 \/ 11h50 \/ 12h10 \/ 12h30 \/ 12h50 \/ 13h10 \/ 13h30 \/ 13h50 \/ 14h10; 14h30 \/ 14h50 \/ 15h10 \/ 15h30 \/ 15h50 \/ 16h10 \/ 16h30 \/ 16h50 \/ 17h10 \/ 17h30 \/ 17h50<\/p>\n\n\n\n<p>Com o refor\u00e7o, as linhas E02 e E02A ter\u00e3o sa\u00eddas da Rodovi\u00e1ria do Povo (Centro), de forma intercalada, \u00e0 cada 10 minutos, das 8h \u00e0s 18h.<\/p>\n\n\n\n<p><strong>E11 \u2013 Ara\u00e7atiba<\/strong><\/p>\n\n\n\n<p>08h \/ 09h10 \/ 10h20 \/ 11h30 \/ 12h40 \/ 13h50 \/ 15h \/ 16h10 \/ 17h20 \/ 18h30<\/p>\n\n\n\n<p><strong>E16 \u2013 MCMV Ino\u00e3 X MCMV Itaipua\u00e7u<\/strong><\/p>\n\n\n\n<p>08h \/ 08h20 \/ 09h \/ 09h40 \/ 10h \/ 10h20 \/ 11h \/ 11h40 \/ 12h \/ 12h20 \/ 13h \/ 13h40 \/ 14h \/ 14h20 \/ 15h \/ 15h40 \/ 16h \/ 16h20 \/ 17h \/ 17h40 \/ 18h<\/p>\n","protected":false},"excerpt":{"rendered":"<p>A Prefeitura de Maric\u00e1 montou uma opera\u00e7\u00e3o especial de tr\u00e2nsito, transporte e ordenamento urbano para auxiliar os cidad\u00e3os que ir\u00e3o<\/p>\n","protected":false},"author":1,"featured_media":43446,"comment_status":"open","ping_status":"open","sticky":false,"template":"","format":"standard","meta":{"colormag_page_container_layout":"default_layout","colormag_page_sidebar_layout":"default_layout","footnotes":""},"categories":[14],"tags":[],"class_list":["post-43443","post","type-post","status-publish","format-standard","has-post-thumbnail","hentry","category-bairros"],"amp_enabled":true,"_links":{"self":[{"href":"https:\/\/maricatotal.com.br\/site\/wp-json\/wp\/v2\/posts\/43443","targetHints":{"allow":["GET"]}}],"collection":[{"href":"https:\/\/maricatotal.com.br\/site\/wp-json\/wp\/v2\/posts"}],"about":[{"href":"https:\/\/maricatotal.com.br\/site\/wp-json\/wp\/v2\/types\/post"}],"author":[{"embeddable":true,"href":"https:\/\/maricatotal.com.br\/site\/wp-json\/wp\/v2\/users\/1"}],"replies":[{"embeddable":true,"href":"https:\/\/maricatotal.com.br\/site\/wp-json\/wp\/v2\/comments?post=43443"}],"version-history":[{"count":1,"href":"https:\/\/maricatotal.com.br\/site\/wp-json\/wp\/v2\/posts\/43443\/revisions"}],"predecessor-version":[{"id":43447,"href":"https:\/\/maricatotal.com.br\/site\/wp-json\/wp\/v2\/posts\/43443\/revisions\/43447"}],"wp:featuredmedia":[{"embeddable":true,"href":"https:\/\/maricatotal.com.br\/site\/wp-json\/wp\/v2\/media\/43446"}],"wp:attachment":[{"href":"https:\/\/maricatotal.com.br\/site\/wp-json\/wp\/v2\/media?parent=43443"}],"wp:term":[{"taxonomy":"category","embeddable":true,"href":"https:\/\/maricatotal.com.br\/site\/wp-json\/wp\/v2\/categories?post=43443"},{"taxonomy":"post_tag","embeddable":true,"href":"https:\/\/maricatotal.com.br\/site\/wp-json\/wp\/v2\/tags?post=43443"}],"curies":[{"name":"wp","href":"https:\/\/api.w.org\/{rel}","templated":true}]}}