{"id":43449,"date":"2022-09-30T11:29:23","date_gmt":"2022-09-30T14:29:23","guid":{"rendered":"https:\/\/maricatotal.com.br\/site\/?p=43449"},"modified":"2022-10-06T12:11:12","modified_gmt":"2022-10-06T15:11:12","slug":"prefeitura-de-marica-inicia-vistoria-das-vans-que-fazem-transporte-coletivo-de-passageiros","status":"publish","type":"post","link":"https:\/\/maricatotal.com.br\/site\/2022\/09\/30\/prefeitura-de-marica-inicia-vistoria-das-vans-que-fazem-transporte-coletivo-de-passageiros\/","title":{"rendered":"Prefeitura de Maric\u00e1 inicia vistoria das vans que fazem transporte coletivo de passageiros"},"content":{"rendered":"\n<p>A Prefeitura de Maric\u00e1, por meio da Secretaria de Transportes, inicia na segunda-feira (03\/10) a vistoria das vans que fazem transporte coletivo de passageiros no munic\u00edpio, e deve ser realizada at\u00e9 o dia 21\/10. Para a abertura do processo de renova\u00e7\u00e3o da licen\u00e7a, o permission\u00e1rio deve se dirigir ao setor de protocolo dos Servi\u00e7os Integrados Municipais (SIM) do Centro, das 8h \u00e0s 17h com os documentos listados abaixo.<\/p>\n\n\n\n<p>Ap\u00f3s agendamento, a vistoria ser\u00e1 realizada no Centro de Inspe\u00e7\u00e3o Veicular, que fica na Avenida Roberto Silveira n\u00ba 2283, Flamengo, que ficar\u00e1 aberto das 9h \u00e0s 17h. O procedimento poder\u00e1 ser feito pelo auxiliar, desde que legalmente registrado e vinculado ao referido ve\u00edculo, e mediante a apresenta\u00e7\u00e3o de procura\u00e7\u00e3o. O selo de vistoria ser\u00e1 afixado na parte central do para-brisas, ap\u00f3s a aprova\u00e7\u00e3o do fiscal.<\/p>\n\n\n\n<p><strong>Documentos que devem ser apresentados na abertura de processo no SIM<\/strong><\/p>\n\n\n\n<p>\u2022 Carteira Nacional de Habilita\u00e7\u00e3o, com especifica\u00e7\u00e3o de curso da atividade na categoria \u201cD\u201d ou \u201cE\u201d<br>\u2022 CRLV vigente em nome do permission\u00e1rio, admitindo-se o arrendamento mercantil para pessoa f\u00edsica ou aliena\u00e7\u00e3o fiduci\u00e1ria e ter o ve\u00edculo emplacado no munic\u00edpio de Maric\u00e1, na categoria de aluguel<br>\u2022 Certificado vigente de aferi\u00e7\u00e3o de registrador inalter\u00e1vel de velocidade (tac\u00f3grafo) \u2013 apresentar certificado do INMETRO<br>\u2022 Comprovante de Seguro APP vigente<br>\u2022 Certid\u00e3o negativa trabalhista<br>\u2022 Certid\u00e3o negativa eleitoral<br>\u2022 Certid\u00e3o negativa criminal<br>\u2022 Comprovante de contribui\u00e7\u00e3o em dia do INSS<br>\u2022 Certid\u00e3o negativa de tributos municipal<\/p>\n","protected":false},"excerpt":{"rendered":"<p>A Prefeitura de Maric\u00e1, por meio da Secretaria de Transportes, inicia na segunda-feira (03\/10) a vistoria das vans que fazem<\/p>\n","protected":false},"author":1,"featured_media":43450,"comment_status":"open","ping_status":"open","sticky":false,"template":"","format":"standard","meta":{"colormag_page_container_layout":"default_layout","colormag_page_sidebar_layout":"default_layout","footnotes":""},"categories":[17],"tags":[],"class_list":["post-43449","post","type-post","status-publish","format-standard","has-post-thumbnail","hentry","category-politica"],"amp_enabled":true,"_links":{"self":[{"href":"https:\/\/maricatotal.com.br\/site\/wp-json\/wp\/v2\/posts\/43449","targetHints":{"allow":["GET"]}}],"collection":[{"href":"https:\/\/maricatotal.com.br\/site\/wp-json\/wp\/v2\/posts"}],"about":[{"href":"https:\/\/maricatotal.com.br\/site\/wp-json\/wp\/v2\/types\/post"}],"author":[{"embeddable":true,"href":"https:\/\/maricatotal.com.br\/site\/wp-json\/wp\/v2\/users\/1"}],"replies":[{"embeddable":true,"href":"https:\/\/maricatotal.com.br\/site\/wp-json\/wp\/v2\/comments?post=43449"}],"version-history":[{"count":1,"href":"https:\/\/maricatotal.com.br\/site\/wp-json\/wp\/v2\/posts\/43449\/revisions"}],"predecessor-version":[{"id":43451,"href":"https:\/\/maricatotal.com.br\/site\/wp-json\/wp\/v2\/posts\/43449\/revisions\/43451"}],"wp:featuredmedia":[{"embeddable":true,"href":"https:\/\/maricatotal.com.br\/site\/wp-json\/wp\/v2\/media\/43450"}],"wp:attachment":[{"href":"https:\/\/maricatotal.com.br\/site\/wp-json\/wp\/v2\/media?parent=43449"}],"wp:term":[{"taxonomy":"category","embeddable":true,"href":"https:\/\/maricatotal.com.br\/site\/wp-json\/wp\/v2\/categories?post=43449"},{"taxonomy":"post_tag","embeddable":true,"href":"https:\/\/maricatotal.com.br\/site\/wp-json\/wp\/v2\/tags?post=43449"}],"curies":[{"name":"wp","href":"https:\/\/api.w.org\/{rel}","templated":true}]}}