{"id":43623,"date":"2022-10-05T08:56:43","date_gmt":"2022-10-05T11:56:43","guid":{"rendered":"https:\/\/maricatotal.com.br\/site\/?p=43623"},"modified":"2022-10-06T12:17:10","modified_gmt":"2022-10-06T15:17:10","slug":"programa-qualifica-marica-encerra-segundo-ciclo-com-a-formacao-de-mais-de-400-alunos","status":"publish","type":"post","link":"https:\/\/maricatotal.com.br\/site\/2022\/10\/05\/programa-qualifica-marica-encerra-segundo-ciclo-com-a-formacao-de-mais-de-400-alunos\/","title":{"rendered":"Programa Qualifica Maric\u00e1 encerra segundo ciclo com a forma\u00e7\u00e3o de mais de 400 alunos"},"content":{"rendered":"\n<p>A Prefeitura de Maric\u00e1 concluiu, nesta ter\u00e7a-feira (04\/10), o segundo ciclo do programa Qualifica Maric\u00e1 com a forma\u00e7\u00e3o de 404 alunos dos polos de Itaipua\u00e7u, Ino\u00e3, Centro e Condado com exposi\u00e7\u00e3o feita por alunos do curso de gesseiro no polo de aprendizado de Itaipua\u00e7u. No evento, foram exibidos trabalhos de constru\u00e7\u00e3o em \u2018dry wall\u2019, que consiste na t\u00e9cnica que usa massa ao inv\u00e9s de tijolos nas edifica\u00e7\u00f5es. O programa, realizado pela Secretaria de Trabalho e pelo Instituto de Ci\u00eancia, Tecnologia e Inova\u00e7\u00e3o de Maric\u00e1 (ICTIM), disponibiliza diversos cursos gratuitos \u00e0 popula\u00e7\u00e3o, entre eles operador de computador, mec\u00e2nico de motocicletas, eletricista, assistente de RH, assistente administrativo, pedreiro de alvenaria, entre outros. A lista completa pode ser acessada no site www.qualificamarica.com.br.<\/p>\n\n\n\n<p>Nos pequenos c\u00f4modos erguidos no galp\u00e3o, havia instala\u00e7\u00f5es el\u00e9tricas e hidr\u00e1ulicas completas dentro das paredes. De acordo com o ICTIM, tr\u00eas ciclos de aulas s\u00e3o realizados ao longo do ano e as inscri\u00e7\u00f5es para o terceiro j\u00e1 foram encerradas. O instituto procura mediar o acesso dos novos profissionais ao mercado de trabalho.<br>\u201cJ\u00e1 existe uma absor\u00e7\u00e3o pelo mercado que tamb\u00e9m queremos rastrear. Temos obras e empreendimentos de porte chegando \u00e0 cidade, como o complexo tur\u00edstico da Restinga e o porto de petr\u00f3leo de Jacon\u00e9, e queremos oferecer m\u00e3o de obra cada vez mais qualificada nestas \u00e1reas de constru\u00e7\u00e3o e tamb\u00e9m em outras como hospedagem e RH, por exemplo\u201d, projetou a coordenadora pedag\u00f3gica do ICTIM, Tha\u00eds Miranda.<\/p>\n\n\n\n<p>De acordo com o supervisor do p\u00f3lo de Itaipua\u00e7u, Jorge de Arag\u00e3o, muitas empresas j\u00e1 procuram a unidade em busca de novos profissionais que se qualificam ali. \u201cOs mais procurados s\u00e3o dos cursos de assistente de RH, assistente administrativo, operador de computador, pedreiro e bombeiro hidr\u00e1ulico. Outra caracter\u00edstica \u00e9 que temos alunos de todas as idades, gente que quer entrar ou se recolocar no mercado atrav\u00e9s de uma nova profiss\u00e3o\u201d, revelou ele.<\/p>\n\n\n\n<p>Um desses novos aprendizes \u00e9 a aut\u00f4noma Gabrielle Aranda de Souza, de 31 anos. Moradora do Jardim Atl\u00e2ntico, ela conta que sempre teve vontade de se qualificar como assistente administrativo, mas nunca fez um curso por falta de condi\u00e7\u00f5es financeiras. \u201cUm dia passei por aqui e descobri que tinha o curso de gra\u00e7a e me inscrevi. Agora estou muito feliz por conseguir me formar e me sinto pronta. Se tiver uma oportunidade hoje, j\u00e1 posso come\u00e7ar\u201d, garante ela.<\/p>\n\n\n\n<p>H\u00e1 tamb\u00e9m o caso de pessoas que cursam ensino superior e procuram aumentar o aprendizado atra\u00eddos pela qualidade dos cursos ofertados pelo programa. Um deles \u00e9 o estudante de engenharia Breno Alvarez, de 35 anos, que est\u00e1 se formando como pedreiro de alvenaria e se inscreveu no curso de bombeiro hidr\u00e1ulico.<br>\u201cVim conhecer e me surpreendi com a qualidade t\u00e9cnica que encontrei aqui. A experi\u00eancia dos professores daqui vai se somar com o que aprendo na faculdade. Foi uma das melhores coisas que fiz e j\u00e1 tive colegas de l\u00e1 querendo fazer tamb\u00e9m\u201d, adiantou o morador de S\u00e3o Bento da Lagoa.<\/p>\n","protected":false},"excerpt":{"rendered":"<p>A Prefeitura de Maric\u00e1 concluiu, nesta ter\u00e7a-feira (04\/10), o segundo ciclo do programa Qualifica Maric\u00e1 com a forma\u00e7\u00e3o de 404<\/p>\n","protected":false},"author":1,"featured_media":43625,"comment_status":"open","ping_status":"open","sticky":false,"template":"","format":"standard","meta":{"colormag_page_container_layout":"default_layout","colormag_page_sidebar_layout":"default_layout","footnotes":""},"categories":[18],"tags":[],"class_list":["post-43623","post","type-post","status-publish","format-standard","has-post-thumbnail","hentry","category-entretenimento"],"amp_enabled":true,"_links":{"self":[{"href":"https:\/\/maricatotal.com.br\/site\/wp-json\/wp\/v2\/posts\/43623","targetHints":{"allow":["GET"]}}],"collection":[{"href":"https:\/\/maricatotal.com.br\/site\/wp-json\/wp\/v2\/posts"}],"about":[{"href":"https:\/\/maricatotal.com.br\/site\/wp-json\/wp\/v2\/types\/post"}],"author":[{"embeddable":true,"href":"https:\/\/maricatotal.com.br\/site\/wp-json\/wp\/v2\/users\/1"}],"replies":[{"embeddable":true,"href":"https:\/\/maricatotal.com.br\/site\/wp-json\/wp\/v2\/comments?post=43623"}],"version-history":[{"count":1,"href":"https:\/\/maricatotal.com.br\/site\/wp-json\/wp\/v2\/posts\/43623\/revisions"}],"predecessor-version":[{"id":43626,"href":"https:\/\/maricatotal.com.br\/site\/wp-json\/wp\/v2\/posts\/43623\/revisions\/43626"}],"wp:featuredmedia":[{"embeddable":true,"href":"https:\/\/maricatotal.com.br\/site\/wp-json\/wp\/v2\/media\/43625"}],"wp:attachment":[{"href":"https:\/\/maricatotal.com.br\/site\/wp-json\/wp\/v2\/media?parent=43623"}],"wp:term":[{"taxonomy":"category","embeddable":true,"href":"https:\/\/maricatotal.com.br\/site\/wp-json\/wp\/v2\/categories?post=43623"},{"taxonomy":"post_tag","embeddable":true,"href":"https:\/\/maricatotal.com.br\/site\/wp-json\/wp\/v2\/tags?post=43623"}],"curies":[{"name":"wp","href":"https:\/\/api.w.org\/{rel}","templated":true}]}}