{"id":43825,"date":"2022-10-09T07:37:03","date_gmt":"2022-10-09T10:37:03","guid":{"rendered":"https:\/\/maricatotal.com.br\/site\/?p=43825"},"modified":"2022-10-09T07:37:04","modified_gmt":"2022-10-09T10:37:04","slug":"peca-que-retrata-as-lendas-amazonicas-e-destaque-do-segundo-dia-do-festival-de-artes-cenicas","status":"publish","type":"post","link":"https:\/\/maricatotal.com.br\/site\/2022\/10\/09\/peca-que-retrata-as-lendas-amazonicas-e-destaque-do-segundo-dia-do-festival-de-artes-cenicas\/","title":{"rendered":"Pe\u00e7a que retrata as lendas amaz\u00f4nicas \u00e9 destaque do segundo dia do Festival de Artes C\u00eanicas"},"content":{"rendered":"\n<p>O segundo dia do Festival de Artes C\u00eanicas de Maric\u00e1 apresentou, nesta sexta-feira (07\/10), o espet\u00e1culo \u201cLendas e Ritmos do Brasil\u201d, que destacou o estado do Par\u00e1 e as lendas amaz\u00f4nicas em exibi\u00e7\u00e3o gratuita na orla do Parque Nanci. Com atra\u00e7\u00f5es di\u00e1rias at\u00e9 12\/10, as pe\u00e7as acontecem em quatro pontos da cidade: Itaipua\u00e7u, Barra de Maric\u00e1, Parque Nanci e Ponta Negra.<\/p>\n\n\n\n<p>A pe\u00e7a, que contagiou o p\u00fablico infantil na Parque Nanci, destacou o carimb\u00f3 \u2013 ritmo regional com influ\u00eancias africanas, europeias e ind\u00edgenas \u2013 e misturou lendas de povos nativos da Amaz\u00f4nia, como a da Iara, esp\u00e9cie de sereia que habita os rios da regi\u00e3o e atrai os homens com sua beleza e sua voz; e a da vit\u00f3ria-r\u00e9gia, planta aqu\u00e1tica que simboliza a Amaz\u00f4nia e que teria se originado de uma \u00edndia, que se afogou num rio ao tentar beijar o reflexo da Lua.<\/p>\n\n\n\n<p>Promovido pela Prefeitura de Maric\u00e1, por meio da Secretaria de Cultura, o Festival de Artes C\u00eanicas leva o melhor do teatro para quatro palcos montados na cidade. No hor\u00e1rio da tarde, as pe\u00e7as s\u00e3o destinadas ao p\u00fablico infantil. J\u00e1 \u00e0 noite, acontecem as apresenta\u00e7\u00f5es destinadas ao p\u00fablico acima de 14 anos \u2013 a exce\u00e7\u00e3o \u00e9 o \u00faltimo dia do evento, 12 de outubro, quando haver\u00e1 apenas pe\u00e7as voltadas para o p\u00fablico infantil, em comemora\u00e7\u00e3o ao Dia das Crian\u00e7as.<\/p>\n\n\n\n<p>Confira a programa\u00e7\u00e3o do Festacem:<\/p>\n\n\n\n<p>Lona Cultural Marielle Franco (R. Jo\u00e3o Frejat, Zacarias)<\/p>\n\n\n\n<p>08\/10 \u2013 16h \u2013 Quiko Karlo (Sorriso Feliz); 20h \u2013 Di\u00e1rio de Bitita (Texto Carolina de Jesus)<\/p>\n\n\n\n<p>09\/10 \u2013 16h \u2013 Lendas e Ritmos do Brasil (Mauro Ramos); 20h \u2013 Autobiografia Autorizada (Paulo Betti)<\/p>\n\n\n\n<p>10\/10 \u2013 14h \u2013 Conta\u00e7\u00e3o de Hist\u00f3rias Encantorias do Vento (Yure); 20h \u2013 Cuscuz na M\u00e3o (Dad\u00e1 Coelho)<\/p>\n\n\n\n<p>11\/10 \u2013 14h \u2013 Se essa rua fosse minha; 20h \u2013 Trajet\u00f3ria (Tonico Pereira)<\/p>\n\n\n\n<p>12\/10 \u2013 15h \u2013 Aprendiz de Mago (Santiago Galassi); 18h \u2013 Pura Traquinagem (Cia. Teatro de M\u00e1scaras)<\/p>\n\n\n\n<p>Orla do Parque Nanci<\/p>\n\n\n\n<p>08\/10 \u2013 16h \u2013 Pura Traquinagem (Cia. Teatro de M\u00e1scaras); 20h \u2013 Olha-te (Cia. Resenha Teatral)<\/p>\n\n\n\n<p>09\/10 \u2013 16h \u2013 Aprendiz de Mago (Santiago Galassi); 20h \u2013 PAGU PRA QU\u00ca?! (Cia Uchoarte)<\/p>\n\n\n\n<p>10\/10 \u2013 14h \u2013&nbsp; Pura Traquinagem (Cia. Teatro de M\u00e1scaras); 20h \u2013 Respira (com Piquet cultural)<\/p>\n\n\n\n<p>11\/10 \u2013 14h \u2013 Encantorias do vento; 20h \u2013 Olha-te (Cia Resenha Teatral)<\/p>\n\n\n\n<p>12\/10 \u2013 15h \u2013&nbsp; Lendas e Ritmos do Brasil; 18h \u2013 Dragon o M\u00e1gico<\/p>\n\n\n\n<p>Lona Cultural de Itaipua\u00e7u \u2013 Av. Zumbi dos Palmares (antiga Av. Um) com Rua Ant\u00f4nio Marques Mathias (antiga Rua 36), Itaipua\u00e7u<\/p>\n\n\n\n<p>08\/10 \u2013 16h \u2013 Lendas e Ritmos do Brasil (Mauro Ramos); 20h \u2013 Ladr\u00e3o que Rouba Ladr\u00e3o (Lacraias Produ\u00e7\u00f5es)<\/p>\n\n\n\n<p>09\/10 \u2013 16h \u2013 Quiko Karlo (Sorriso Feliz); 20h \u2013 Di\u00e1rio de Bitita (Texto Carolina de Jesus)<\/p>\n\n\n\n<p>10\/10 \u2013 14h \u2013 Aprendiz de Mago (Santiago Galassi); 20h \u2013 Autobiografia Autorizada (Paulo Betti)<\/p>\n\n\n\n<p>11\/10 \u2013 14h \u2013 Lendas e Ritmos do Brasil (Mauro Ramos); 20h \u2013 Naitsu (Mariana Sailormoon)<\/p>\n\n\n\n<p>12\/10 \u2013 15h \u2013 Pura Traquinagem (Cia. Teatro de M\u00e1scaras); 18h \u2013 Se essa rua fosse minha<\/p>\n\n\n\n<p>Ponta Negra (Avenida Prefeito Arthurzinho Rangel 150)<\/p>\n\n\n\n<p>08\/10 \u2013 16h \u2013&nbsp; Aprendiz de Mago (Santiago Galassi); 20h \u2013&nbsp; Obra de Fernando Pessoa (com Invaldo Costa)<\/p>\n\n\n\n<p>09\/10 \u2013 16h \u2013&nbsp; Encantorias do vento; 20h \u2013 Ladr\u00e3o que rouba ladr\u00e3o (Lacraias produ\u00e7\u00f5es)<\/p>\n\n\n\n<p>10\/10 \u2013 14h \u2013&nbsp; Dragon o M\u00e1gico; 20h \u2013 O que falar quer dizer (Oper\u00e1rios da Arte)<\/p>\n\n\n\n<p>11\/10 \u2013 14h \u2013 Capit\u00e3o Livr\u00e3o; 20h \u2013&nbsp; RESpira (Thiago Piquet)<\/p>\n\n\n\n<p>12\/10 \u2013 15h \u2013&nbsp; Dragon o M\u00e1gico; 18h \u2013 Encantorias do vento<\/p>\n","protected":false},"excerpt":{"rendered":"<p>O segundo dia do Festival de Artes C\u00eanicas de Maric\u00e1 apresentou, nesta sexta-feira (07\/10), o espet\u00e1culo \u201cLendas e Ritmos do<\/p>\n","protected":false},"author":1,"featured_media":43827,"comment_status":"open","ping_status":"open","sticky":false,"template":"","format":"standard","meta":{"colormag_page_container_layout":"default_layout","colormag_page_sidebar_layout":"default_layout","footnotes":""},"categories":[18],"tags":[],"class_list":["post-43825","post","type-post","status-publish","format-standard","has-post-thumbnail","hentry","category-entretenimento"],"amp_enabled":true,"_links":{"self":[{"href":"https:\/\/maricatotal.com.br\/site\/wp-json\/wp\/v2\/posts\/43825","targetHints":{"allow":["GET"]}}],"collection":[{"href":"https:\/\/maricatotal.com.br\/site\/wp-json\/wp\/v2\/posts"}],"about":[{"href":"https:\/\/maricatotal.com.br\/site\/wp-json\/wp\/v2\/types\/post"}],"author":[{"embeddable":true,"href":"https:\/\/maricatotal.com.br\/site\/wp-json\/wp\/v2\/users\/1"}],"replies":[{"embeddable":true,"href":"https:\/\/maricatotal.com.br\/site\/wp-json\/wp\/v2\/comments?post=43825"}],"version-history":[{"count":1,"href":"https:\/\/maricatotal.com.br\/site\/wp-json\/wp\/v2\/posts\/43825\/revisions"}],"predecessor-version":[{"id":43828,"href":"https:\/\/maricatotal.com.br\/site\/wp-json\/wp\/v2\/posts\/43825\/revisions\/43828"}],"wp:featuredmedia":[{"embeddable":true,"href":"https:\/\/maricatotal.com.br\/site\/wp-json\/wp\/v2\/media\/43827"}],"wp:attachment":[{"href":"https:\/\/maricatotal.com.br\/site\/wp-json\/wp\/v2\/media?parent=43825"}],"wp:term":[{"taxonomy":"category","embeddable":true,"href":"https:\/\/maricatotal.com.br\/site\/wp-json\/wp\/v2\/categories?post=43825"},{"taxonomy":"post_tag","embeddable":true,"href":"https:\/\/maricatotal.com.br\/site\/wp-json\/wp\/v2\/tags?post=43825"}],"curies":[{"name":"wp","href":"https:\/\/api.w.org\/{rel}","templated":true}]}}