{"id":43835,"date":"2022-10-09T07:40:44","date_gmt":"2022-10-09T10:40:44","guid":{"rendered":"https:\/\/maricatotal.com.br\/site\/?p=43835"},"modified":"2022-10-09T07:40:45","modified_gmt":"2022-10-09T10:40:45","slug":"prefeitura-inicia-obras-do-consultorio-odontologico-da-unidade-de-saude-da-familia-santa-paula","status":"publish","type":"post","link":"https:\/\/maricatotal.com.br\/site\/2022\/10\/09\/prefeitura-inicia-obras-do-consultorio-odontologico-da-unidade-de-saude-da-familia-santa-paula\/","title":{"rendered":"Prefeitura inicia obras do consult\u00f3rio odontol\u00f3gico da Unidade de Sa\u00fade da Fam\u00edlia Santa Paula"},"content":{"rendered":"\n<p>A Prefeitura de Maric\u00e1, por meio da Secretaria de Sa\u00fade, deu in\u00edcio \u00e0 instala\u00e7\u00e3o do consult\u00f3rio odontol\u00f3gico da Unidade de Sa\u00fade da Fam\u00edlia (USF) Santa Paula, que ser\u00e1 essencial para oferecer atendimentos qualificados aos 5.572 moradores cadastrados no local. Em vista da constru\u00e7\u00e3o do novo espa\u00e7o, a USF estar\u00e1 fechada de 10 a 23\/10 para obras de readequa\u00e7\u00e3o estrutural. Nesse per\u00edodo, a popula\u00e7\u00e3o ser\u00e1 atendida normalmente pelas equipes na Igreja Batista do Calv\u00e1rio, que fica na Avenida Jo\u00e3o Manoel Ribeiro, lote 05, quadra 52, no bairro Spar.<\/p>\n\n\n\n<p>Al\u00e9m disso, por conta das melhorias que v\u00e3o ocorrer na unidade, os moradores que precisarem de curativos ou demais procedimentos similares ser\u00e3o atendidos diretamente em sus casas. Todos os usu\u00e1rios da USF est\u00e3o sendo avisados sobre as necess\u00e1rias altera\u00e7\u00f5es de atendimento pelos Agentes Comunit\u00e1rios de Sa\u00fade.<\/p>\n\n\n\n<p>A secret\u00e1ria de Sa\u00fade, Solange Oliveira, destacou a import\u00e2ncia da USF Santa Paula por oferecer acolhimento \u00e0 popula\u00e7\u00e3o do bairro e de outros no entorno, evitando deslocamentos at\u00e9 a regi\u00e3o central do distrito de Ino\u00e3.<\/p>\n\n\n\n<p>\u201c\u00c9 uma grande conquista podermos construir o consult\u00f3rio odontol\u00f3gico da Unidade de Sa\u00fade da Fam\u00edlia de Santa Paula, uma regi\u00e3o que vem crescendo e precisa da nossa cont\u00ednua aten\u00e7\u00e3o. Ap\u00f3s a reestrutura\u00e7\u00e3o do espa\u00e7o, teremos uma equipe de sa\u00fade bucal atuando no local, oferecendo atendimentos primordiais para a melhoria do bem-estar e levar mais qualidade de vida aos moradores\u201d, destacou.<\/p>\n\n\n\n<p><strong>Unidade conta com equipe completa e qualificada<\/strong><\/p>\n\n\n\n<p>A USF Santa Paula \u00e9 fundamental na regi\u00e3o do terceiro distrito da cidade, assistindo \u00e0 popula\u00e7\u00e3o do bairro de mesmo nome, do Spar e de Cassorotiba. Atualmente, 20 profissionais atuam no local, incluindo dois m\u00e9dicos, tr\u00eas enfermeiros, tr\u00eas t\u00e9cnicos de enfermagem, nove agentes comunit\u00e1rios de sa\u00fade, um farmac\u00eautico, um auxiliar de farm\u00e1cia e dois assistentes administrativos.<\/p>\n\n\n\n<p>A unidade foi inaugurada em 2017 em um espa\u00e7o pr\u00f3ximo \u00e0 Escola Municipal Osdevaldo Marins da Mata, na Estrada de Cassorotiba. No local, s\u00e3o feitos diversos procedimentos, como atendimento m\u00e9dico, pr\u00e9-natal, exames laboratoriais, vacina\u00e7\u00e3o, medica\u00e7\u00e3o, planejamento familiar, al\u00e9m de a\u00e7\u00f5es voltadas aos moradores com patologias espec\u00edficas, como diabetes e hipertens\u00e3o.<\/p>\n","protected":false},"excerpt":{"rendered":"<p>A Prefeitura de Maric\u00e1, por meio da Secretaria de Sa\u00fade, deu in\u00edcio \u00e0 instala\u00e7\u00e3o do consult\u00f3rio odontol\u00f3gico da Unidade de<\/p>\n","protected":false},"author":1,"featured_media":43836,"comment_status":"open","ping_status":"open","sticky":false,"template":"","format":"standard","meta":{"colormag_page_container_layout":"default_layout","colormag_page_sidebar_layout":"default_layout","footnotes":""},"categories":[14],"tags":[],"class_list":["post-43835","post","type-post","status-publish","format-standard","has-post-thumbnail","hentry","category-bairros"],"amp_enabled":true,"_links":{"self":[{"href":"https:\/\/maricatotal.com.br\/site\/wp-json\/wp\/v2\/posts\/43835","targetHints":{"allow":["GET"]}}],"collection":[{"href":"https:\/\/maricatotal.com.br\/site\/wp-json\/wp\/v2\/posts"}],"about":[{"href":"https:\/\/maricatotal.com.br\/site\/wp-json\/wp\/v2\/types\/post"}],"author":[{"embeddable":true,"href":"https:\/\/maricatotal.com.br\/site\/wp-json\/wp\/v2\/users\/1"}],"replies":[{"embeddable":true,"href":"https:\/\/maricatotal.com.br\/site\/wp-json\/wp\/v2\/comments?post=43835"}],"version-history":[{"count":1,"href":"https:\/\/maricatotal.com.br\/site\/wp-json\/wp\/v2\/posts\/43835\/revisions"}],"predecessor-version":[{"id":43837,"href":"https:\/\/maricatotal.com.br\/site\/wp-json\/wp\/v2\/posts\/43835\/revisions\/43837"}],"wp:featuredmedia":[{"embeddable":true,"href":"https:\/\/maricatotal.com.br\/site\/wp-json\/wp\/v2\/media\/43836"}],"wp:attachment":[{"href":"https:\/\/maricatotal.com.br\/site\/wp-json\/wp\/v2\/media?parent=43835"}],"wp:term":[{"taxonomy":"category","embeddable":true,"href":"https:\/\/maricatotal.com.br\/site\/wp-json\/wp\/v2\/categories?post=43835"},{"taxonomy":"post_tag","embeddable":true,"href":"https:\/\/maricatotal.com.br\/site\/wp-json\/wp\/v2\/tags?post=43835"}],"curies":[{"name":"wp","href":"https:\/\/api.w.org\/{rel}","templated":true}]}}