{"id":43914,"date":"2022-10-11T07:53:46","date_gmt":"2022-10-11T10:53:46","guid":{"rendered":"https:\/\/maricatotal.com.br\/site\/?p=43914"},"modified":"2022-10-11T07:53:47","modified_gmt":"2022-10-11T10:53:47","slug":"festa-literaria-de-marica-acontece-entre-os-dias-14-e-26-de-outubro-em-itaipuacu","status":"publish","type":"post","link":"https:\/\/maricatotal.com.br\/site\/2022\/10\/11\/festa-literaria-de-marica-acontece-entre-os-dias-14-e-26-de-outubro-em-itaipuacu\/","title":{"rendered":"Festa Liter\u00e1ria de Maric\u00e1 acontece entre os dias 14 e 26 de outubro em Itaipua\u00e7u\u00a0"},"content":{"rendered":"\n<p>A Prefeitura de Maric\u00e1 realiza, entre os dias 14 e 26 de outubro, a 7\u00aa edi\u00e7\u00e3o da Festa Liter\u00e1ria de Maric\u00e1 (FLIM), que neste ano homenagear\u00e1 a escritora mineira Concei\u00e7\u00e3o Evaristo e ser\u00e1 marcada pelo lan\u00e7amento do livro \u201cTestemunho: Darcy Ribeiro por ele mesmo\u201d, em alus\u00e3o ao centen\u00e1rio do escritor que, se estivesse vivo, faria 100 anos no dia 26\/10.<\/p>\n\n\n\n<p>Al\u00e9m da presen\u00e7a de Concei\u00e7\u00e3o Evaristo, entre os nomes confirmados nesta edi\u00e7\u00e3o est\u00e3o: Ana Maria Machado, Ant\u00f4nio Torres, Viviane Mos\u00e9, Renata Costa, Beatriz Myrrha, Natasha F\u00e9lix, Heleine Fernandes, Sonia Rosa, Ot\u00e1vio Jr, Dayse Sena, Andrea Serpa, Rita Rosa, Jos\u00e9 Pacheco e as chefs Bela Gil e Tain\u00e1 Marajoara.<\/p>\n\n\n\n<p>Com a participa\u00e7\u00e3o de 8o editoras e dos autores participantes, a festa liter\u00e1ria \u00e9 gratuita e ter\u00e1 oficinas, palestras, tenda sensorial, shows, cosplay, feira de livros, museu cultural, cinema, pra\u00e7a de alimenta\u00e7\u00e3o, entre outras atividades. O festival acontecer\u00e1 na \u00e1rea externa do Centro Administrativo de Itaipua\u00e7u (Rua Van Lerbergue, 249, Itaipua\u00e7u).<\/p>\n\n\n\n<p><strong>Programa\u00e7\u00e3o:<\/strong><\/p>\n\n\n\n<p>Confira abaixo a programa\u00e7\u00e3o com os convidados:<\/p>\n\n\n\n<p><strong>Sexta-feira (14\/10) \u00e0s 18h \u2013Escreviv\u00eancias para o futuro&nbsp;<\/strong><\/p>\n\n\n\n<p>Convidados: Concei\u00e7\u00e3o Evaristo e Natasha Felix<\/p>\n\n\n\n<p>Media\u00e7\u00e3o: Sandra Gurgel<\/p>\n\n\n\n<p><strong>S\u00e1bado (15\/10) \u00e0s 15h \u2013 Abram alas a Darcy Ribeiro e ao povo brasileiro<\/strong><\/p>\n\n\n\n<p>Convidado: Beatriz Myrrha<\/p>\n\n\n\n<p><strong>Segunda-feira (17\/10), \u00e0s 15h \u2013 Cozinha e afeto para um mundo melhor<\/strong><\/p>\n\n\n\n<p>Convidado: Bela Gil<\/p>\n\n\n\n<p><strong>Ter\u00e7a-feira (18\/10), \u00e0s 15h \u2013 Literatura negro-afetiva<\/strong><\/p>\n\n\n\n<p>Convidados: Sonia Rosa e Otavio Jr<\/p>\n\n\n\n<p>Media\u00e7\u00e3o: Dilcemeres Jos\u00e9 da Costa<\/p>\n\n\n\n<p><strong>Quinta-feira (20\/10), \u00e0s 15h \u2013 Como a internet tem desgastado as palavras&nbsp;<\/strong><\/p>\n\n\n\n<p>Convidado: Viviane Mos\u00e9<\/p>\n\n\n\n<p><strong>S\u00e1bado (22\/10), \u00e0s 10h \u2013 Conta\u00e7\u00e3o de Hist\u00f3rias da Natureza<\/strong><\/p>\n\n\n\n<p>Convidado: Andrea Serpa<\/p>\n\n\n\n<p><strong>Segunda-feira (24\/10),&nbsp; \u00e0s 18h \u2013 Acesso \u00e0 literatura como direito humano&nbsp;<\/strong><\/p>\n\n\n\n<p>Convidados: Ana Maria Machado, Renata Costa e Rita Rosa<\/p>\n\n\n\n<p>Media\u00e7\u00e3o: Philippe Valentim<\/p>\n\n\n\n<p><strong>Ter\u00e7a-feira (25\/10), 10h \u2013 Cultura Alimentar: contracoloniza\u00e7\u00e3o para adiar o fim do mundo<\/strong><\/p>\n\n\n\n<p>Convidado: Tain\u00e1 Marajoara<\/p>\n\n\n\n<p><strong>Ter\u00e7a-feira (25\/10), \u00e0s 18h \u2013 Literatura para uma sustentabilidade cultural&nbsp;<\/strong><\/p>\n\n\n\n<p>Convidados: Ant\u00f4nio Torres, Heleine Fernandes e Jos\u00e9 Pacheco<\/p>\n\n\n\n<p>Media\u00e7\u00e3o: Tais Bravo<\/p>\n\n\n\n<p><strong>Quarta-feira (26\/10), \u00e0s 11h \u2013 Para entender o autismo&nbsp;<\/strong><\/p>\n\n\n\n<p>Dayse Serra<\/p>\n\n\n\n<p><strong>Quarta-feira (26\/10), \u00e0s 18h \u2013 Arakisawa \u2013 Comidas para descansar o sol<\/strong><\/p>\n\n\n\n<p>Convidado: Tain\u00e1 Marajoara<\/p>\n\n\n\n<p><strong>SERVI\u00c7O \u2013 Festa Liter\u00e1ria de Maric\u00e1<\/strong><\/p>\n\n\n\n<p>Data: 14 a 26 de outubro,<\/p>\n\n\n\n<p>Hor\u00e1rio: 8h \u00e0s 21h<\/p>\n\n\n\n<p>Local: Centro Administrativo de Itaipua\u00e7u (\u00e1rea externa do estacionamento)<\/p>\n\n\n\n<p>Endere\u00e7o: Rua Van Lerbergue, 249 \u2013 Itaipua\u00e7u<\/p>\n\n\n\n<p>Entrada gratuita<\/p>\n","protected":false},"excerpt":{"rendered":"<p>A Prefeitura de Maric\u00e1 realiza, entre os dias 14 e 26 de outubro, a 7\u00aa edi\u00e7\u00e3o da Festa Liter\u00e1ria de<\/p>\n","protected":false},"author":1,"featured_media":43916,"comment_status":"open","ping_status":"open","sticky":false,"template":"","format":"standard","meta":{"colormag_page_container_layout":"default_layout","colormag_page_sidebar_layout":"default_layout","footnotes":""},"categories":[18],"tags":[],"class_list":["post-43914","post","type-post","status-publish","format-standard","has-post-thumbnail","hentry","category-entretenimento"],"amp_enabled":true,"_links":{"self":[{"href":"https:\/\/maricatotal.com.br\/site\/wp-json\/wp\/v2\/posts\/43914","targetHints":{"allow":["GET"]}}],"collection":[{"href":"https:\/\/maricatotal.com.br\/site\/wp-json\/wp\/v2\/posts"}],"about":[{"href":"https:\/\/maricatotal.com.br\/site\/wp-json\/wp\/v2\/types\/post"}],"author":[{"embeddable":true,"href":"https:\/\/maricatotal.com.br\/site\/wp-json\/wp\/v2\/users\/1"}],"replies":[{"embeddable":true,"href":"https:\/\/maricatotal.com.br\/site\/wp-json\/wp\/v2\/comments?post=43914"}],"version-history":[{"count":1,"href":"https:\/\/maricatotal.com.br\/site\/wp-json\/wp\/v2\/posts\/43914\/revisions"}],"predecessor-version":[{"id":43917,"href":"https:\/\/maricatotal.com.br\/site\/wp-json\/wp\/v2\/posts\/43914\/revisions\/43917"}],"wp:featuredmedia":[{"embeddable":true,"href":"https:\/\/maricatotal.com.br\/site\/wp-json\/wp\/v2\/media\/43916"}],"wp:attachment":[{"href":"https:\/\/maricatotal.com.br\/site\/wp-json\/wp\/v2\/media?parent=43914"}],"wp:term":[{"taxonomy":"category","embeddable":true,"href":"https:\/\/maricatotal.com.br\/site\/wp-json\/wp\/v2\/categories?post=43914"},{"taxonomy":"post_tag","embeddable":true,"href":"https:\/\/maricatotal.com.br\/site\/wp-json\/wp\/v2\/tags?post=43914"}],"curies":[{"name":"wp","href":"https:\/\/api.w.org\/{rel}","templated":true}]}}